{"id":10004,"date":"2025-08-15T16:45:01","date_gmt":"2025-08-15T19:45:01","guid":{"rendered":"https:\/\/www.goeuropa.com.br\/blog\/?p=10004"},"modified":"2025-08-15T16:45:08","modified_gmt":"2025-08-15T19:45:08","slug":"destinos-europeus-mais-tranquilos-e-refrescantes-para-o-verao-de-2025","status":"publish","type":"post","link":"https:\/\/www.goeuropa.com.br\/blog\/destinos-europeus-mais-tranquilos-e-refrescantes-para-o-verao-de-2025\/","title":{"rendered":"Destinos europeus mais tranquilos (e refrescantes) para o ver\u00e3o de 2025"},"content":{"rendered":"\n<p>Os <strong>destinos europeus mais tranquilos (e refrescantes) para o ver\u00e3o de 2025<\/strong> s\u00e3o a escolha ideal para quem deseja fugir das multid\u00f5es, aproveitar temperaturas agrad\u00e1veis e viver experi\u00eancias aut\u00eanticas. Enquanto cidades como Paris, Roma e Barcelona atraem milh\u00f5es de turistas nessa \u00e9poca, h\u00e1 locais menos explorados que oferecem beleza natural, cultura rica e um clima perfeito para descansar.<\/p>\n\n\n\n<h2 class=\"wp-block-heading\">Por que escolher destinos europeus mais tranquilos para o ver\u00e3o de 2025<\/h2>\n\n\n\n<p>Viajar para <strong>destinos europeus mais tranquilos (e refrescantes) para o ver\u00e3o de 2025<\/strong> garante uma experi\u00eancia muito mais relaxante, com menos filas, melhor atendimento e a chance de vivenciar a ess\u00eancia local. Al\u00e9m disso, as regi\u00f5es mais frescas proporcionam conforto para passeios ao ar livre, sem o desgaste das altas temperaturas.<\/p>\n\n\n\n<h2 class=\"wp-block-heading\">Como selecionar destinos europeus mais tranquilos para o ver\u00e3o de 2025<\/h2>\n\n\n\n<p>Ao buscar <strong>destinos europeus mais tranquilos (e refrescantes) para o ver\u00e3o de 2025<\/strong>, \u00e9 importante considerar fatores como clima, acessibilidade, op\u00e7\u00f5es culturais e belezas naturais. Cidades em regi\u00f5es montanhosas ou litorais menos badalados s\u00e3o ideais para quem quer tranquilidade.<\/p>\n\n\n\n<h3 class=\"wp-block-heading\">Prefira regi\u00f5es com clima ameno<\/h3>\n\n\n\n<p>\u00c1reas pr\u00f3ximas a lagos, montanhas e florestas tendem a ter temperaturas mais baixas no ver\u00e3o, proporcionando um ambiente perfeito para caminhadas, passeios e degusta\u00e7\u00f5es ao ar livre.<\/p>\n\n\n\n<h3 class=\"wp-block-heading\">Fuja das capitais superlotadas<\/h3>\n\n\n\n<p>Escolher cidades menores e vilarejos charmosos \u00e9 uma forma de garantir uma viagem mais aut\u00eantica e menos estressante.<\/p>\n\n\n\n<h3 class=\"wp-block-heading\">Aposte em experi\u00eancias ao ar livre<\/h3>\n\n\n\n<p>Os <strong>destinos europeus mais tranquilos (e refrescantes) para o ver\u00e3o de 2025<\/strong> oferecem atividades como trilhas, passeios de barco, cicloturismo e banhos em \u00e1guas cristalinas.<\/p>\n\n\n\n<h2 class=\"wp-block-heading\">Sugest\u00f5es de destinos europeus mais tranquilos para o ver\u00e3o de 2025<\/h2>\n\n\n\n<ul class=\"wp-block-list\">\n<li><strong>Annecy, Fran\u00e7a<\/strong> \u2013 Conhecida como a \u201cVeneza dos Alpes\u201d, combina paisagens alpinas, um lago de \u00e1guas azul-turquesa e um centro hist\u00f3rico encantador.<\/li>\n\n\n\n<li><strong>Hallstatt, \u00c1ustria<\/strong> \u2013 Um vilarejo de cart\u00e3o-postal com vistas para montanhas e lago, perfeito para quem busca paz e contato com a natureza.<\/li>\n\n\n\n<li><strong>San Sebasti\u00e1n, Espanha<\/strong> \u2013 No Pa\u00eds Basco, oferece praias menos movimentadas, alta gastronomia e um clima fresco.<\/li>\n\n\n\n<li><strong>Ljubljana, Eslov\u00eania<\/strong> \u2013 Uma capital charmosa, segura e acolhedora, cercada por rios e \u00e1reas verdes.<\/li>\n\n\n\n<li><strong>Bled, Eslov\u00eania<\/strong> \u2013 Lago de \u00e1guas cristalinas e castelo medieval, com temperaturas agrad\u00e1veis mesmo no auge do ver\u00e3o.<\/li>\n<\/ul>\n\n\n\n<h2 class=\"wp-block-heading\">Benef\u00edcios de escolher destinos mais tranquilos no ver\u00e3o europeu<\/h2>\n\n\n\n<ul class=\"wp-block-list\">\n<li>Menos aglomera\u00e7\u00e3o e mais conforto nas atra\u00e7\u00f5es.<\/li>\n\n\n\n<li>Clima ideal para aproveitar o dia todo ao ar livre.<\/li>\n\n\n\n<li>Custos mais equilibrados, j\u00e1 que locais menos tur\u00edsticos tendem a ser mais acess\u00edveis.<\/li>\n\n\n\n<li>Experi\u00eancia cultural mais rica e genu\u00edna.<\/li>\n<\/ul>\n\n\n\n<p><strong>Pronto para embarcar na viagem dos sonhos?<\/strong><br>Veja agora quais roteiros ainda est\u00e3o com vagas dispon\u00edveis e garanta sua experi\u00eancia antes que esgote!<br>&#x1f449; Descubra aqui os pr\u00f3ximos grupos confirmados<br><a class=\"\" href=\"https:\/\/www.goeuropa.com.br\/grand-tour\/\">https:\/\/www.goeuropa.com.br\/grand-tour\/<\/a><\/p>\n\n\n\n<p><\/p>\n","protected":false},"excerpt":{"rendered":"<p>Os destinos europeus mais tranquilos (e refrescantes) para o ver\u00e3o de 2025 s\u00e3o a escolha ideal para quem deseja fugir das multid\u00f5es, aproveitar temperaturas agrad\u00e1veis e viver experi\u00eancias aut\u00eanticas. Enquanto cidades como Paris, Roma e Barcelona atraem milh\u00f5es de turistas nessa \u00e9poca, h\u00e1 locais menos explorados que oferecem beleza natural, cultura rica e um clima perfeito para descansar.<\/p>\n","protected":false},"author":1,"featured_media":10005,"comment_status":"open","ping_status":"open","sticky":false,"template":"","format":"standard","meta":{"jetpack_post_was_ever_published":false,"_jetpack_newsletter_access":"","_jetpack_dont_email_post_to_subs":false,"_jetpack_newsletter_tier_id":0,"_jetpack_memberships_contains_paywalled_content":false,"_jetpack_memberships_contains_paid_content":false,"footnotes":""},"categories":[1],"tags":[],"class_list":{"0":"post-10004","1":"post","2":"type-post","3":"status-publish","4":"format-standard","5":"has-post-thumbnail","7":"category-uncategorized"},"yoast_head":"<!-- This site is optimized with the Yoast SEO plugin v24.8.1 - https:\/\/yoast.com\/wordpress\/plugins\/seo\/ -->\n<title>Destinos europeus mais tranquilos (e refrescantes) para o ver\u00e3o de 2025 - GoEuropa<\/title>\n<meta name=\"robots\" content=\"index, follow, max-snippet:-1, max-image-preview:large, max-video-preview:-1\" \/>\n<link rel=\"canonical\" href=\"https:\/\/www.goeuropa.com.br\/blog\/destinos-europeus-mais-tranquilos-e-refrescantes-para-o-verao-de-2025\/\" \/>\n<meta property=\"og:locale\" content=\"pt_BR\" \/>\n<meta property=\"og:type\" content=\"article\" \/>\n<meta property=\"og:title\" content=\"Destinos europeus mais tranquilos (e refrescantes) para o ver\u00e3o de 2025 - GoEuropa\" \/>\n<meta property=\"og:description\" content=\"Os destinos europeus mais tranquilos (e refrescantes) para o ver\u00e3o de 2025 s\u00e3o a escolha ideal para quem deseja fugir das multid\u00f5es, aproveitar temperaturas agrad\u00e1veis e viver experi\u00eancias aut\u00eanticas. Enquanto cidades como Paris, Roma e Barcelona atraem milh\u00f5es de turistas nessa \u00e9poca, h\u00e1 locais menos explorados que oferecem beleza natural, cultura rica e um clima perfeito para descansar.\" \/>\n<meta property=\"og:url\" content=\"https:\/\/www.goeuropa.com.br\/blog\/destinos-europeus-mais-tranquilos-e-refrescantes-para-o-verao-de-2025\/\" \/>\n<meta property=\"og:site_name\" content=\"GoEuropa\" \/>\n<meta property=\"article:publisher\" content=\"https:\/\/www.facebook.com\/goeuropa\" \/>\n<meta property=\"article:author\" content=\"https:\/\/www.facebook.com\/goeuropa\/\" \/>\n<meta property=\"article:published_time\" content=\"2025-08-15T19:45:01+00:00\" \/>\n<meta property=\"article:modified_time\" content=\"2025-08-15T19:45:08+00:00\" \/>\n<meta property=\"og:image\" content=\"https:\/\/www.goeuropa.com.br\/blog\/wp-content\/uploads\/2025\/08\/verao-de-2025-na-europa-.jpg\" \/>\n\t<meta property=\"og:image:width\" content=\"1536\" \/>\n\t<meta property=\"og:image:height\" content=\"854\" \/>\n\t<meta property=\"og:image:type\" content=\"image\/jpeg\" \/>\n<meta name=\"author\" content=\"Daniel Ribeiro\" \/>\n<meta name=\"twitter:card\" content=\"summary_large_image\" \/>\n<meta name=\"twitter:creator\" content=\"@https:\/\/www.twitter.com\/goeuropa\/\" \/>\n<meta name=\"twitter:site\" content=\"@goeuropa\" \/>\n<meta name=\"twitter:label1\" content=\"Escrito por\" \/>\n\t<meta name=\"twitter:data1\" content=\"Daniel Ribeiro\" \/>\n\t<meta name=\"twitter:label2\" content=\"Est. tempo de leitura\" \/>\n\t<meta name=\"twitter:data2\" content=\"3 minutos\" \/>\n<script type=\"application\/ld+json\" class=\"yoast-schema-graph\">{\"@context\":\"https:\/\/schema.org\",\"@graph\":[{\"@type\":\"Article\",\"@id\":\"https:\/\/www.goeuropa.com.br\/blog\/destinos-europeus-mais-tranquilos-e-refrescantes-para-o-verao-de-2025\/#article\",\"isPartOf\":{\"@id\":\"https:\/\/www.goeuropa.com.br\/blog\/destinos-europeus-mais-tranquilos-e-refrescantes-para-o-verao-de-2025\/\"},\"author\":{\"name\":\"Daniel Ribeiro\",\"@id\":\"https:\/\/www.goeuropa.com.br\/blog\/#\/schema\/person\/dd6f181e426407503b5a74aef3afce0d\"},\"headline\":\"Destinos europeus mais tranquilos (e refrescantes) para o ver\u00e3o de 2025\",\"datePublished\":\"2025-08-15T19:45:01+00:00\",\"dateModified\":\"2025-08-15T19:45:08+00:00\",\"mainEntityOfPage\":{\"@id\":\"https:\/\/www.goeuropa.com.br\/blog\/destinos-europeus-mais-tranquilos-e-refrescantes-para-o-verao-de-2025\/\"},\"wordCount\":489,\"commentCount\":0,\"publisher\":{\"@id\":\"https:\/\/www.goeuropa.com.br\/blog\/#organization\"},\"image\":{\"@id\":\"https:\/\/www.goeuropa.com.br\/blog\/destinos-europeus-mais-tranquilos-e-refrescantes-para-o-verao-de-2025\/#primaryimage\"},\"thumbnailUrl\":\"https:\/\/www.goeuropa.com.br\/blog\/wp-content\/uploads\/2025\/08\/verao-de-2025-na-europa-.jpg\",\"articleSection\":[\"Uncategorized\"],\"inLanguage\":\"pt-BR\",\"potentialAction\":[{\"@type\":\"CommentAction\",\"name\":\"Comment\",\"target\":[\"https:\/\/www.goeuropa.com.br\/blog\/destinos-europeus-mais-tranquilos-e-refrescantes-para-o-verao-de-2025\/#respond\"]}]},{\"@type\":\"WebPage\",\"@id\":\"https:\/\/www.goeuropa.com.br\/blog\/destinos-europeus-mais-tranquilos-e-refrescantes-para-o-verao-de-2025\/\",\"url\":\"https:\/\/www.goeuropa.com.br\/blog\/destinos-europeus-mais-tranquilos-e-refrescantes-para-o-verao-de-2025\/\",\"name\":\"Destinos europeus mais tranquilos (e refrescantes) para o ver\u00e3o de 2025 - GoEuropa\",\"isPartOf\":{\"@id\":\"https:\/\/www.goeuropa.com.br\/blog\/#website\"},\"primaryImageOfPage\":{\"@id\":\"https:\/\/www.goeuropa.com.br\/blog\/destinos-europeus-mais-tranquilos-e-refrescantes-para-o-verao-de-2025\/#primaryimage\"},\"image\":{\"@id\":\"https:\/\/www.goeuropa.com.br\/blog\/destinos-europeus-mais-tranquilos-e-refrescantes-para-o-verao-de-2025\/#primaryimage\"},\"thumbnailUrl\":\"https:\/\/www.goeuropa.com.br\/blog\/wp-content\/uploads\/2025\/08\/verao-de-2025-na-europa-.jpg\",\"datePublished\":\"2025-08-15T19:45:01+00:00\",\"dateModified\":\"2025-08-15T19:45:08+00:00\",\"breadcrumb\":{\"@id\":\"https:\/\/www.goeuropa.com.br\/blog\/destinos-europeus-mais-tranquilos-e-refrescantes-para-o-verao-de-2025\/#breadcrumb\"},\"inLanguage\":\"pt-BR\",\"potentialAction\":[{\"@type\":\"ReadAction\",\"target\":[\"https:\/\/www.goeuropa.com.br\/blog\/destinos-europeus-mais-tranquilos-e-refrescantes-para-o-verao-de-2025\/\"]}]},{\"@type\":\"ImageObject\",\"inLanguage\":\"pt-BR\",\"@id\":\"https:\/\/www.goeuropa.com.br\/blog\/destinos-europeus-mais-tranquilos-e-refrescantes-para-o-verao-de-2025\/#primaryimage\",\"url\":\"https:\/\/www.goeuropa.com.br\/blog\/wp-content\/uploads\/2025\/08\/verao-de-2025-na-europa-.jpg\",\"contentUrl\":\"https:\/\/www.goeuropa.com.br\/blog\/wp-content\/uploads\/2025\/08\/verao-de-2025-na-europa-.jpg\",\"width\":1536,\"height\":854,\"caption\":\"ver\u00e3o de 2025 na europa\"},{\"@type\":\"BreadcrumbList\",\"@id\":\"https:\/\/www.goeuropa.com.br\/blog\/destinos-europeus-mais-tranquilos-e-refrescantes-para-o-verao-de-2025\/#breadcrumb\",\"itemListElement\":[{\"@type\":\"ListItem\",\"position\":1,\"name\":\"In\u00edcio\",\"item\":\"https:\/\/www.goeuropa.com.br\/blog\/\"},{\"@type\":\"ListItem\",\"position\":2,\"name\":\"Destinos europeus mais tranquilos (e refrescantes) para o ver\u00e3o de 2025\"}]},{\"@type\":\"WebSite\",\"@id\":\"https:\/\/www.goeuropa.com.br\/blog\/#website\",\"url\":\"https:\/\/www.goeuropa.com.br\/blog\/\",\"name\":\"GoEuropa\",\"description\":\"O Melhor da Europa\",\"publisher\":{\"@id\":\"https:\/\/www.goeuropa.com.br\/blog\/#organization\"},\"potentialAction\":[{\"@type\":\"SearchAction\",\"target\":{\"@type\":\"EntryPoint\",\"urlTemplate\":\"https:\/\/www.goeuropa.com.br\/blog\/?s={search_term_string}\"},\"query-input\":{\"@type\":\"PropertyValueSpecification\",\"valueRequired\":true,\"valueName\":\"search_term_string\"}}],\"inLanguage\":\"pt-BR\"},{\"@type\":\"Organization\",\"@id\":\"https:\/\/www.goeuropa.com.br\/blog\/#organization\",\"name\":\"GoEuropa\",\"url\":\"https:\/\/www.goeuropa.com.br\/blog\/\",\"logo\":{\"@type\":\"ImageObject\",\"inLanguage\":\"pt-BR\",\"@id\":\"https:\/\/www.goeuropa.com.br\/blog\/#\/schema\/logo\/image\/\",\"url\":\"https:\/\/www.goeuropa.com.br\/wp-content\/uploads\/2015\/09\/2015.04.19-0194.png\",\"contentUrl\":\"https:\/\/www.goeuropa.com.br\/wp-content\/uploads\/2015\/09\/2015.04.19-0194.png\",\"width\":2048,\"height\":2048,\"caption\":\"GoEuropa\"},\"image\":{\"@id\":\"https:\/\/www.goeuropa.com.br\/blog\/#\/schema\/logo\/image\/\"},\"sameAs\":[\"https:\/\/www.facebook.com\/goeuropa\",\"https:\/\/x.com\/goeuropa\",\"https:\/\/www.instagram.com\/goeuropa\",\"https:\/\/www.youtube.com\/goeuropa\"]},{\"@type\":\"Person\",\"@id\":\"https:\/\/www.goeuropa.com.br\/blog\/#\/schema\/person\/dd6f181e426407503b5a74aef3afce0d\",\"name\":\"Daniel Ribeiro\",\"image\":{\"@type\":\"ImageObject\",\"inLanguage\":\"pt-BR\",\"@id\":\"https:\/\/www.goeuropa.com.br\/blog\/#\/schema\/person\/image\/\",\"url\":\"https:\/\/secure.gravatar.com\/avatar\/06b1dad882d589b0882e05fdad68f1c1?s=96&d=mm&r=g\",\"contentUrl\":\"https:\/\/secure.gravatar.com\/avatar\/06b1dad882d589b0882e05fdad68f1c1?s=96&d=mm&r=g\",\"caption\":\"Daniel Ribeiro\"},\"description\":\"Apesar de conhecer v\u00e1rias partes do mundo, a grande paix\u00e3o do Daniel Ribeiro ainda \u00e9 a Europa. Ele fundou o GoEuropa com a inten\u00e7\u00e3o de inspirar e ajudar mais pessoas a fazerem viagens incr\u00edveis, ensinando que gastar menos pode trazer as melhores e mais aut\u00eanticas experi\u00eancias no velho continente.\",\"sameAs\":[\"https:\/\/www.goeuropa.com.br\",\"https:\/\/www.facebook.com\/goeuropa\/\",\"https:\/\/www.instagram.com\/goeuropa\/\",\"https:\/\/x.com\/https:\/\/www.twitter.com\/goeuropa\/\",\"https:\/\/www.youtube.com\/goeuropa\/\"],\"url\":\"https:\/\/www.goeuropa.com.br\/blog\/author\/daniel-ribeiro\/\"}]}<\/script>\n<!-- \/ Yoast SEO plugin. -->","yoast_head_json":{"title":"Destinos europeus mais tranquilos (e refrescantes) para o ver\u00e3o de 2025 - GoEuropa","robots":{"index":"index","follow":"follow","max-snippet":"max-snippet:-1","max-image-preview":"max-image-preview:large","max-video-preview":"max-video-preview:-1"},"canonical":"https:\/\/www.goeuropa.com.br\/blog\/destinos-europeus-mais-tranquilos-e-refrescantes-para-o-verao-de-2025\/","og_locale":"pt_BR","og_type":"article","og_title":"Destinos europeus mais tranquilos (e refrescantes) para o ver\u00e3o de 2025 - GoEuropa","og_description":"Os destinos europeus mais tranquilos (e refrescantes) para o ver\u00e3o de 2025 s\u00e3o a escolha ideal para quem deseja fugir das multid\u00f5es, aproveitar temperaturas agrad\u00e1veis e viver experi\u00eancias aut\u00eanticas. Enquanto cidades como Paris, Roma e Barcelona atraem milh\u00f5es de turistas nessa \u00e9poca, h\u00e1 locais menos explorados que oferecem beleza natural, cultura rica e um clima perfeito para descansar.","og_url":"https:\/\/www.goeuropa.com.br\/blog\/destinos-europeus-mais-tranquilos-e-refrescantes-para-o-verao-de-2025\/","og_site_name":"GoEuropa","article_publisher":"https:\/\/www.facebook.com\/goeuropa","article_author":"https:\/\/www.facebook.com\/goeuropa\/","article_published_time":"2025-08-15T19:45:01+00:00","article_modified_time":"2025-08-15T19:45:08+00:00","og_image":[{"width":1536,"height":854,"url":"https:\/\/www.goeuropa.com.br\/blog\/wp-content\/uploads\/2025\/08\/verao-de-2025-na-europa-.jpg","type":"image\/jpeg"}],"author":"Daniel Ribeiro","twitter_card":"summary_large_image","twitter_creator":"@https:\/\/www.twitter.com\/goeuropa\/","twitter_site":"@goeuropa","twitter_misc":{"Escrito por":"Daniel Ribeiro","Est. tempo de leitura":"3 minutos"},"schema":{"@context":"https:\/\/schema.org","@graph":[{"@type":"Article","@id":"https:\/\/www.goeuropa.com.br\/blog\/destinos-europeus-mais-tranquilos-e-refrescantes-para-o-verao-de-2025\/#article","isPartOf":{"@id":"https:\/\/www.goeuropa.com.br\/blog\/destinos-europeus-mais-tranquilos-e-refrescantes-para-o-verao-de-2025\/"},"author":{"name":"Daniel Ribeiro","@id":"https:\/\/www.goeuropa.com.br\/blog\/#\/schema\/person\/dd6f181e426407503b5a74aef3afce0d"},"headline":"Destinos europeus mais tranquilos (e refrescantes) para o ver\u00e3o de 2025","datePublished":"2025-08-15T19:45:01+00:00","dateModified":"2025-08-15T19:45:08+00:00","mainEntityOfPage":{"@id":"https:\/\/www.goeuropa.com.br\/blog\/destinos-europeus-mais-tranquilos-e-refrescantes-para-o-verao-de-2025\/"},"wordCount":489,"commentCount":0,"publisher":{"@id":"https:\/\/www.goeuropa.com.br\/blog\/#organization"},"image":{"@id":"https:\/\/www.goeuropa.com.br\/blog\/destinos-europeus-mais-tranquilos-e-refrescantes-para-o-verao-de-2025\/#primaryimage"},"thumbnailUrl":"https:\/\/www.goeuropa.com.br\/blog\/wp-content\/uploads\/2025\/08\/verao-de-2025-na-europa-.jpg","articleSection":["Uncategorized"],"inLanguage":"pt-BR","potentialAction":[{"@type":"CommentAction","name":"Comment","target":["https:\/\/www.goeuropa.com.br\/blog\/destinos-europeus-mais-tranquilos-e-refrescantes-para-o-verao-de-2025\/#respond"]}]},{"@type":"WebPage","@id":"https:\/\/www.goeuropa.com.br\/blog\/destinos-europeus-mais-tranquilos-e-refrescantes-para-o-verao-de-2025\/","url":"https:\/\/www.goeuropa.com.br\/blog\/destinos-europeus-mais-tranquilos-e-refrescantes-para-o-verao-de-2025\/","name":"Destinos europeus mais tranquilos (e refrescantes) para o ver\u00e3o de 2025 - GoEuropa","isPartOf":{"@id":"https:\/\/www.goeuropa.com.br\/blog\/#website"},"primaryImageOfPage":{"@id":"https:\/\/www.goeuropa.com.br\/blog\/destinos-europeus-mais-tranquilos-e-refrescantes-para-o-verao-de-2025\/#primaryimage"},"image":{"@id":"https:\/\/www.goeuropa.com.br\/blog\/destinos-europeus-mais-tranquilos-e-refrescantes-para-o-verao-de-2025\/#primaryimage"},"thumbnailUrl":"https:\/\/www.goeuropa.com.br\/blog\/wp-content\/uploads\/2025\/08\/verao-de-2025-na-europa-.jpg","datePublished":"2025-08-15T19:45:01+00:00","dateModified":"2025-08-15T19:45:08+00:00","breadcrumb":{"@id":"https:\/\/www.goeuropa.com.br\/blog\/destinos-europeus-mais-tranquilos-e-refrescantes-para-o-verao-de-2025\/#breadcrumb"},"inLanguage":"pt-BR","potentialAction":[{"@type":"ReadAction","target":["https:\/\/www.goeuropa.com.br\/blog\/destinos-europeus-mais-tranquilos-e-refrescantes-para-o-verao-de-2025\/"]}]},{"@type":"ImageObject","inLanguage":"pt-BR","@id":"https:\/\/www.goeuropa.com.br\/blog\/destinos-europeus-mais-tranquilos-e-refrescantes-para-o-verao-de-2025\/#primaryimage","url":"https:\/\/www.goeuropa.com.br\/blog\/wp-content\/uploads\/2025\/08\/verao-de-2025-na-europa-.jpg","contentUrl":"https:\/\/www.goeuropa.com.br\/blog\/wp-content\/uploads\/2025\/08\/verao-de-2025-na-europa-.jpg","width":1536,"height":854,"caption":"ver\u00e3o de 2025 na europa"},{"@type":"BreadcrumbList","@id":"https:\/\/www.goeuropa.com.br\/blog\/destinos-europeus-mais-tranquilos-e-refrescantes-para-o-verao-de-2025\/#breadcrumb","itemListElement":[{"@type":"ListItem","position":1,"name":"In\u00edcio","item":"https:\/\/www.goeuropa.com.br\/blog\/"},{"@type":"ListItem","position":2,"name":"Destinos europeus mais tranquilos (e refrescantes) para o ver\u00e3o de 2025"}]},{"@type":"WebSite","@id":"https:\/\/www.goeuropa.com.br\/blog\/#website","url":"https:\/\/www.goeuropa.com.br\/blog\/","name":"GoEuropa","description":"O Melhor da Europa","publisher":{"@id":"https:\/\/www.goeuropa.com.br\/blog\/#organization"},"potentialAction":[{"@type":"SearchAction","target":{"@type":"EntryPoint","urlTemplate":"https:\/\/www.goeuropa.com.br\/blog\/?s={search_term_string}"},"query-input":{"@type":"PropertyValueSpecification","valueRequired":true,"valueName":"search_term_string"}}],"inLanguage":"pt-BR"},{"@type":"Organization","@id":"https:\/\/www.goeuropa.com.br\/blog\/#organization","name":"GoEuropa","url":"https:\/\/www.goeuropa.com.br\/blog\/","logo":{"@type":"ImageObject","inLanguage":"pt-BR","@id":"https:\/\/www.goeuropa.com.br\/blog\/#\/schema\/logo\/image\/","url":"https:\/\/www.goeuropa.com.br\/wp-content\/uploads\/2015\/09\/2015.04.19-0194.png","contentUrl":"https:\/\/www.goeuropa.com.br\/wp-content\/uploads\/2015\/09\/2015.04.19-0194.png","width":2048,"height":2048,"caption":"GoEuropa"},"image":{"@id":"https:\/\/www.goeuropa.com.br\/blog\/#\/schema\/logo\/image\/"},"sameAs":["https:\/\/www.facebook.com\/goeuropa","https:\/\/x.com\/goeuropa","https:\/\/www.instagram.com\/goeuropa","https:\/\/www.youtube.com\/goeuropa"]},{"@type":"Person","@id":"https:\/\/www.goeuropa.com.br\/blog\/#\/schema\/person\/dd6f181e426407503b5a74aef3afce0d","name":"Daniel Ribeiro","image":{"@type":"ImageObject","inLanguage":"pt-BR","@id":"https:\/\/www.goeuropa.com.br\/blog\/#\/schema\/person\/image\/","url":"https:\/\/secure.gravatar.com\/avatar\/06b1dad882d589b0882e05fdad68f1c1?s=96&d=mm&r=g","contentUrl":"https:\/\/secure.gravatar.com\/avatar\/06b1dad882d589b0882e05fdad68f1c1?s=96&d=mm&r=g","caption":"Daniel Ribeiro"},"description":"Apesar de conhecer v\u00e1rias partes do mundo, a grande paix\u00e3o do Daniel Ribeiro ainda \u00e9 a Europa. Ele fundou o GoEuropa com a inten\u00e7\u00e3o de inspirar e ajudar mais pessoas a fazerem viagens incr\u00edveis, ensinando que gastar menos pode trazer as melhores e mais aut\u00eanticas experi\u00eancias no velho continente.","sameAs":["https:\/\/www.goeuropa.com.br","https:\/\/www.facebook.com\/goeuropa\/","https:\/\/www.instagram.com\/goeuropa\/","https:\/\/x.com\/https:\/\/www.twitter.com\/goeuropa\/","https:\/\/www.youtube.com\/goeuropa\/"],"url":"https:\/\/www.goeuropa.com.br\/blog\/author\/daniel-ribeiro\/"}]}},"jetpack_featured_media_url":"https:\/\/www.goeuropa.com.br\/blog\/wp-content\/uploads\/2025\/08\/verao-de-2025-na-europa-.jpg","jetpack_sharing_enabled":true,"_links":{"self":[{"href":"https:\/\/www.goeuropa.com.br\/blog\/wp-json\/wp\/v2\/posts\/10004","targetHints":{"allow":["GET"]}}],"collection":[{"href":"https:\/\/www.goeuropa.com.br\/blog\/wp-json\/wp\/v2\/posts"}],"about":[{"href":"https:\/\/www.goeuropa.com.br\/blog\/wp-json\/wp\/v2\/types\/post"}],"author":[{"embeddable":true,"href":"https:\/\/www.goeuropa.com.br\/blog\/wp-json\/wp\/v2\/users\/1"}],"replies":[{"embeddable":true,"href":"https:\/\/www.goeuropa.com.br\/blog\/wp-json\/wp\/v2\/comments?post=10004"}],"version-history":[{"count":1,"href":"https:\/\/www.goeuropa.com.br\/blog\/wp-json\/wp\/v2\/posts\/10004\/revisions"}],"predecessor-version":[{"id":10006,"href":"https:\/\/www.goeuropa.com.br\/blog\/wp-json\/wp\/v2\/posts\/10004\/revisions\/10006"}],"wp:featuredmedia":[{"embeddable":true,"href":"https:\/\/www.goeuropa.com.br\/blog\/wp-json\/wp\/v2\/media\/10005"}],"wp:attachment":[{"href":"https:\/\/www.goeuropa.com.br\/blog\/wp-json\/wp\/v2\/media?parent=10004"}],"wp:term":[{"taxonomy":"category","embeddable":true,"href":"https:\/\/www.goeuropa.com.br\/blog\/wp-json\/wp\/v2\/categories?post=10004"},{"taxonomy":"post_tag","embeddable":true,"href":"https:\/\/www.goeuropa.com.br\/blog\/wp-json\/wp\/v2\/tags?post=10004"}],"curies":[{"name":"wp","href":"https:\/\/api.w.org\/{rel}","templated":true}]}}