{"id":5446,"date":"2018-10-01T15:29:45","date_gmt":"2018-10-01T18:29:45","guid":{"rendered":"http:\/\/www.goeuropa.com.br\/?p=5446"},"modified":"2025-06-16T11:42:20","modified_gmt":"2025-06-16T14:42:20","slug":"qual-a-melhor-epoca-para-viajar-para-europa-e-qual-voce-deve-evitar","status":"publish","type":"post","link":"https:\/\/www.goeuropa.com.br\/blog\/qual-a-melhor-epoca-para-viajar-para-europa-e-qual-voce-deve-evitar\/","title":{"rendered":"Qual e\u0301 a Melhor E\u0301poca para Viajar Para Europa e Qual Voce\u0302 Deve Evitar"},"content":{"rendered":"\n<p>Entender a diferen\u00e7a entre cada \u00e9poca na Europa pode ser determinante para montar seu roteiro. Pegar muito frio ou muito calor, encontrar atra\u00e7\u00f5es fechadas ou descobrir que uma cidade simplesmente n\u00e3o funciona um determinado per\u00edodo do ano pode trazer grandes frustra\u00e7\u00f5es para sua viagem. <\/p>\n\n\n\n<p>Quando estava na ilha de \u00c6r\u00f8 na Dinamarca, eu gravei um v\u00eddeo que comento sobre as \u00e9pocas do ano na Europa e a \u00e9poca que mais gosto de viajar.<\/p>\n\n\n\n<figure class=\"wp-block-embed is-type-video is-provider-youtube wp-block-embed-youtube wp-embed-aspect-16-9 wp-has-aspect-ratio\"><div class=\"wp-block-embed__wrapper\">\n<div class=\"youtube-embed\" data-video_id=\"JB33wAkjwUU\"><iframe loading=\"lazy\" title=\"Qual e\u0301 a Melhor E\u0301poca para Viajar Para Europa e Qual Voce\u0302 Deve Evitar | GoEuropa\" width=\"696\" height=\"392\" src=\"https:\/\/www.youtube.com\/embed\/JB33wAkjwUU?feature=oembed&#038;enablejsapi=1\" frameborder=\"0\" allow=\"accelerometer; autoplay; clipboard-write; encrypted-media; gyroscope; picture-in-picture; web-share\" referrerpolicy=\"strict-origin-when-cross-origin\" allowfullscreen><\/iframe><\/div>\n<\/div><\/figure>\n\n\n\n<p>Escolher o <strong>melhor m\u00eas para viajar para Europa<\/strong> pode transformar completamente sua experi\u00eancia. A esta\u00e7\u00e3o do ano interfere no clima, nos pre\u00e7os, nas atra\u00e7\u00f5es abertas e at\u00e9 na quantidade de turistas. Por isso, planejar bem o per\u00edodo da sua viagem \u00e9 uma das decis\u00f5es mais importantes para garantir conforto, economia e experi\u00eancias mais aut\u00eanticas.<\/p>\n\n\n\n<p>Neste artigo, voc\u00ea vai descobrir quais s\u00e3o os meses ideais para visitar o continente europeu, o que esperar de cada esta\u00e7\u00e3o e, principalmente, <strong>qual o melhor m\u00eas para voc\u00ea<\/strong>, de acordo com seu perfil de viagem.<\/p>\n\n\n\n<hr class=\"wp-block-separator has-alpha-channel-opacity\"\/>\n\n\n\n<h2 class=\"wp-block-heading\"><strong>Melhor m\u00eas para viajar para Europa se voc\u00ea busca clima agrad\u00e1vel e menos multid\u00f5es<\/strong><\/h2>\n\n\n\n<p>Se voc\u00ea quer <strong>bom clima, cidades cheias de vida, mas sem multid\u00f5es sufocantes<\/strong>, aposte em viajar entre <strong>maio e junho<\/strong> ou <strong>setembro e outubro<\/strong>. Esses meses s\u00e3o considerados de <strong>meia esta\u00e7\u00e3o<\/strong> \u2014 fora da alta temporada, mas ainda com temperaturas muito agrad\u00e1veis e boa infraestrutura tur\u00edstica.<\/p>\n\n\n\n<h3 class=\"wp-block-heading\">Vantagens de viajar em maio, junho, setembro e outubro:<\/h3>\n\n\n\n<ul class=\"wp-block-list\">\n<li>Clima ameno (ideal para caminhar e explorar cidades)<\/li>\n\n\n\n<li>Menos filas em atra\u00e7\u00f5es como <a class=\"\" href=\"https:\/\/www.goeuropa.com.br\/blog\/como-evitar-fila-na-sagrada-familia\/\">a Sagrada Fam\u00edlia, em Barcelona<\/a><\/li>\n\n\n\n<li>Pre\u00e7os mais baixos em hospedagem e passagens<\/li>\n\n\n\n<li>Eventos locais aut\u00eanticos e menos voltados para turistas<\/li>\n<\/ul>\n\n\n\n<p>Esses meses s\u00e3o os <strong>favoritos dos guias especializados da Go Europa<\/strong>, pois combinam custo-benef\u00edcio com charme europeu em sua ess\u00eancia.<\/p>\n\n\n\n<hr class=\"wp-block-separator has-alpha-channel-opacity\"\/>\n\n\n\n<h2 class=\"wp-block-heading\"><strong>Melhor m\u00eas para viajar para Europa com foco em natureza e experi\u00eancias ao ar livre<\/strong><\/h2>\n\n\n\n<p>Se sua prioridade s\u00e3o <strong>paisagens naturais, trilhas, lagos, praias ou campos floridos<\/strong>, o melhor m\u00eas para viajar para Europa \u00e9 entre <strong>final de abril e in\u00edcio de julho<\/strong>.<\/p>\n\n\n\n<p>Na <strong>primavera europeia<\/strong>, os parques ganham vida, os dias s\u00e3o longos e o verde toma conta do continente \u2014 de Portugal \u00e0 Alemanha, da Fran\u00e7a \u00e0 Hungria.<\/p>\n\n\n\n<p>Destaques:<\/p>\n\n\n\n<ul class=\"wp-block-list\">\n<li>Festival das flores em <strong>Amsterd\u00e3 e Keukenhof (Holanda)<\/strong><\/li>\n\n\n\n<li>Campos de lavanda em <strong>Provence (Fran\u00e7a)<\/strong> entre junho e julho<\/li>\n\n\n\n<li>Trilha dos cinco vilarejos em <strong>Cinque Terre (It\u00e1lia)<\/strong><\/li>\n\n\n\n<li>Lagoa de Lugano e Alpes su\u00ed\u00e7os em clima agrad\u00e1vel<\/li>\n<\/ul>\n\n\n\n<hr class=\"wp-block-separator has-alpha-channel-opacity\"\/>\n\n\n\n<h2 class=\"wp-block-heading\"><strong>Melhor m\u00eas para viajar para Europa com foco em cultura, museus e roteiros urbanos<\/strong><\/h2>\n\n\n\n<p>Se voc\u00ea est\u00e1 interessado em explorar <strong>museus, igrejas hist\u00f3ricas, caf\u00e9s, bairros bo\u00eamios e eventos culturais<\/strong>, o m\u00eas ideal pode ser o <strong>inverno europeu (janeiro a mar\u00e7o)<\/strong>.<\/p>\n\n\n\n<p>Apesar do frio, \u00e9 poss\u00edvel visitar locais ic\u00f4nicos com muito mais tranquilidade e pre\u00e7os baixos. \u00c9 uma \u00f3tima oportunidade para conhecer:<\/p>\n\n\n\n<ul class=\"wp-block-list\">\n<li><strong>Paris<\/strong> com filas menores no Louvre e na Torre Eiffel<br>&#x1f449; <a href=\"https:\/\/www.goeuropa.com.br\/blog\/o-que-fazer-em-paris-principais-atracoes-para-sua-primeira-viagem\/\" data-type=\"link\" data-id=\"https:\/\/www.goeuropa.com.br\/blog\/o-que-fazer-em-paris-principais-atracoes-para-sua-primeira-viagem\/\">O que fazer em Paris<\/a><\/li>\n\n\n\n<li><strong>Roma<\/strong> sem multid\u00f5es em pontos tur\u00edsticos<br>&#x1f449; <a href=\"https:\/\/www.goeuropa.com.br\/blog\/o-que-fazer-em-roma-roteiro-essencial-para-quem-visita-pela-primeira-vez\/\" data-type=\"link\" data-id=\"https:\/\/www.goeuropa.com.br\/blog\/o-que-fazer-em-roma-roteiro-essencial-para-quem-visita-pela-primeira-vez\/\">Roteiro essencial de Roma<\/a><\/li>\n\n\n\n<li><strong>Lisboa<\/strong> com pre\u00e7os muito mais baixos e clima mais ameno que o resto da Europa<br>&#x1f449; <a href=\"https:\/\/www.goeuropa.com.br\/blog\/o-que-fazer-em-lisboa-descubra-os-encantos-da-capital-portuguesa\/\" data-type=\"link\" data-id=\"https:\/\/www.goeuropa.com.br\/blog\/o-que-fazer-em-lisboa-descubra-os-encantos-da-capital-portuguesa\/\">Descubra Lisboa<\/a><\/li>\n<\/ul>\n\n\n\n<hr class=\"wp-block-separator has-alpha-channel-opacity\"\/>\n\n\n\n<h2 class=\"wp-block-heading\"><strong>Melhor m\u00eas para viajar para Europa com foco em eventos e festas populares<\/strong><\/h2>\n\n\n\n<p>Se sua inten\u00e7\u00e3o \u00e9 viver <strong>a Europa vibrando em festivais, eventos tradicionais e celebra\u00e7\u00f5es ao ar livre<\/strong>, alguns meses se destacam:<\/p>\n\n\n\n<ul class=\"wp-block-list\">\n<li><strong>Junho<\/strong>: Festas de S\u00e3o Jo\u00e3o em Portugal, ver\u00e3o come\u00e7ando<\/li>\n\n\n\n<li><strong>Julho<\/strong>: Festivais de m\u00fasica como o Montreux (Su\u00ed\u00e7a), Festival de Avignon (Fran\u00e7a)<\/li>\n\n\n\n<li><strong>Dezembro<\/strong>: Mercados de Natal na Alemanha, \u00c1ustria, Hungria, Fran\u00e7a<\/li>\n<\/ul>\n\n\n\n<p>Esses meses s\u00e3o ideais para quem <strong>busca experi\u00eancias culturais marcantes<\/strong>, mesmo com pre\u00e7os mais altos em algumas regi\u00f5es.<\/p>\n\n\n\n<hr class=\"wp-block-separator has-alpha-channel-opacity\"\/>\n\n\n\n<h2 class=\"wp-block-heading\"><strong>Qual m\u00eas evitar ao viajar para a Europa?<\/strong><\/h2>\n\n\n\n<p>Embora todas as \u00e9pocas tenham suas vantagens, o m\u00eas menos recomendado costuma ser <strong>agosto<\/strong>, especialmente se o seu objetivo \u00e9 visitar cidades grandes e pontos tur\u00edsticos com conforto.<\/p>\n\n\n\n<p>Motivos para evitar agosto:<\/p>\n\n\n\n<ul class=\"wp-block-list\">\n<li>Alt\u00edssima temporada: filas longas, atra\u00e7\u00f5es lotadas<\/li>\n\n\n\n<li>Pre\u00e7os de hospedagem inflacionados<\/li>\n\n\n\n<li>Muitos europeus tamb\u00e9m est\u00e3o de f\u00e9rias (alguns servi\u00e7os fecham, especialmente na Fran\u00e7a, It\u00e1lia e Espanha)<\/li>\n<\/ul>\n\n\n\n<p>Se quiser viajar no ver\u00e3o europeu, prefira junho ou setembro.<\/p>\n\n\n\n<hr class=\"wp-block-separator has-alpha-channel-opacity\"\/>\n\n\n\n<h2 class=\"wp-block-heading\"><strong>Resumo: melhor m\u00eas para viajar para Europa por tipo de viajante<\/strong><\/h2>\n\n\n\n<figure class=\"wp-block-table\"><table class=\"has-fixed-layout\"><thead><tr><th>Perfil de viagem<\/th><th>Melhor m\u00eas<\/th><\/tr><\/thead><tbody><tr><td>Clima ameno + sem multid\u00e3o<\/td><td>Maio \/ Junho \/ Set<\/td><\/tr><tr><td>Paisagens naturais e atividades externas<\/td><td>Abril a Julho<\/td><\/tr><tr><td>Roteiros culturais e museus<\/td><td>Janeiro a Mar\u00e7o<\/td><\/tr><tr><td>Eventos e festivais<\/td><td>Junho, Julho, Dez<\/td><\/tr><tr><td>Economia e custo-benef\u00edcio<\/td><td>Mar\u00e7o, Abril, Outubro<\/td><\/tr><\/tbody><\/table><\/figure>\n\n\n\n<hr class=\"wp-block-separator has-alpha-channel-opacity\"\/>\n\n\n\n<h3 class=\"wp-block-heading\">&#x1f30d; <strong>Pronto para embarcar na viagem dos sonhos?<\/strong><\/h3>\n\n\n\n<p>Na Go Europa, criamos roteiros sob medida para cada esta\u00e7\u00e3o, com grupos pequenos, guias especialistas e uma curadoria de experi\u00eancias que realmente fazem a diferen\u00e7a na sua primeira ou d\u00e9cima vez na Europa.<\/p>\n\n\n\n<p>Veja agora quais roteiros ainda est\u00e3o com vagas dispon\u00edveis e garanta sua experi\u00eancia antes que esgote!<br>&#x1f449; <a class=\"\" href=\"https:\/\/www.goeuropa.com.br\/grand-tour\/\">Descubra aqui os pr\u00f3ximos grupos confirmados<\/a><\/p>\n","protected":false},"excerpt":{"rendered":"<p>Entender a diferen\u00e7a entre cada \u00e9poca na Europa pode ser determinante para montar seu roteiro. Pegar muito frio ou muito calor, encontrar atra\u00e7\u00f5es fechadas ou descobrir que uma cidade simplesmente n\u00e3o funciona um determinado per\u00edodo do ano pode trazer grandes frustra\u00e7\u00f5es para sua viagem. Quando estava na ilha de \u00c6r\u00f8 na Dinamarca, eu gravei um v\u00eddeo que comento sobre as \u00e9pocas do ano na Europa e a \u00e9poca que mais gosto de viajar.<\/p>\n","protected":false},"author":1,"featured_media":5447,"comment_status":"open","ping_status":"open","sticky":false,"template":"","format":"video","meta":{"jetpack_post_was_ever_published":false,"_jetpack_newsletter_access":"","_jetpack_dont_email_post_to_subs":false,"_jetpack_newsletter_tier_id":0,"_jetpack_memberships_contains_paywalled_content":false,"_jetpack_memberships_contains_paid_content":false,"footnotes":""},"categories":[3,172],"tags":[157,203],"class_list":{"0":"post-5446","1":"post","2":"type-post","3":"status-publish","4":"format-video","5":"has-post-thumbnail","7":"category-estrategias","8":"category-dinamarca","9":"tag-dinamarca","10":"tag-epoca","11":"post_format-post-format-video"},"yoast_head":"<!-- This site is optimized with the Yoast SEO plugin v24.8.1 - https:\/\/yoast.com\/wordpress\/plugins\/seo\/ -->\n<title>Qual e\u0301 a Melhor E\u0301poca para Viajar Para Europa e Qual Voce\u0302 Deve Evitar - GoEuropa<\/title>\n<meta name=\"description\" content=\"Entender a diferen\u00e7a entre cada \u00e9poca na Europa pode ser determinante para montar seu roteiro. Pegar muito frio ou muito calor, encontrar atra\u00e7\u00f5es fechadas\" \/>\n<meta name=\"robots\" content=\"index, follow, max-snippet:-1, max-image-preview:large, max-video-preview:-1\" \/>\n<link rel=\"canonical\" href=\"https:\/\/www.goeuropa.com.br\/blog\/qual-a-melhor-epoca-para-viajar-para-europa-e-qual-voce-deve-evitar\/\" \/>\n<meta property=\"og:locale\" content=\"pt_BR\" \/>\n<meta property=\"og:type\" content=\"article\" \/>\n<meta property=\"og:title\" content=\"Qual e\u0301 a Melhor E\u0301poca para Viajar Para Europa e Qual Voce\u0302 Deve Evitar - GoEuropa\" \/>\n<meta property=\"og:description\" content=\"Entender a diferen\u00e7a entre cada \u00e9poca na Europa pode ser determinante para montar seu roteiro. Pegar muito frio ou muito calor, encontrar atra\u00e7\u00f5es fechadas\" \/>\n<meta property=\"og:url\" content=\"https:\/\/www.goeuropa.com.br\/blog\/qual-a-melhor-epoca-para-viajar-para-europa-e-qual-voce-deve-evitar\/\" \/>\n<meta property=\"og:site_name\" content=\"GoEuropa\" \/>\n<meta property=\"article:publisher\" content=\"https:\/\/www.facebook.com\/goeuropa\" \/>\n<meta property=\"article:author\" content=\"https:\/\/www.facebook.com\/goeuropa\/\" \/>\n<meta property=\"article:published_time\" content=\"2018-10-01T18:29:45+00:00\" \/>\n<meta property=\"article:modified_time\" content=\"2025-06-16T14:42:20+00:00\" \/>\n<meta property=\"og:image\" content=\"https:\/\/www.goeuropa.com.br\/blog\/wp-content\/uploads\/2018\/10\/Screen-Shot-2018-10-01-at-20.15.55.png\" \/>\n\t<meta property=\"og:image:width\" content=\"1280\" \/>\n\t<meta property=\"og:image:height\" content=\"722\" \/>\n\t<meta property=\"og:image:type\" content=\"image\/png\" \/>\n<meta name=\"author\" content=\"Daniel Ribeiro\" \/>\n<meta name=\"twitter:card\" content=\"summary_large_image\" \/>\n<meta name=\"twitter:creator\" content=\"@https:\/\/www.twitter.com\/goeuropa\/\" \/>\n<meta name=\"twitter:site\" content=\"@goeuropa\" \/>\n<meta name=\"twitter:label1\" content=\"Escrito por\" \/>\n\t<meta name=\"twitter:data1\" content=\"Daniel Ribeiro\" \/>\n\t<meta name=\"twitter:label2\" content=\"Est. tempo de leitura\" \/>\n\t<meta name=\"twitter:data2\" content=\"5 minutos\" \/>\n<script type=\"application\/ld+json\" class=\"yoast-schema-graph\">{\"@context\":\"https:\/\/schema.org\",\"@graph\":[{\"@type\":\"Article\",\"@id\":\"https:\/\/www.goeuropa.com.br\/blog\/qual-a-melhor-epoca-para-viajar-para-europa-e-qual-voce-deve-evitar\/#article\",\"isPartOf\":{\"@id\":\"https:\/\/www.goeuropa.com.br\/blog\/qual-a-melhor-epoca-para-viajar-para-europa-e-qual-voce-deve-evitar\/\"},\"author\":{\"name\":\"Daniel Ribeiro\",\"@id\":\"https:\/\/www.goeuropa.com.br\/blog\/#\/schema\/person\/dd6f181e426407503b5a74aef3afce0d\"},\"headline\":\"Qual e\u0301 a Melhor E\u0301poca para Viajar Para Europa e Qual Voce\u0302 Deve Evitar\",\"datePublished\":\"2018-10-01T18:29:45+00:00\",\"dateModified\":\"2025-06-16T14:42:20+00:00\",\"mainEntityOfPage\":{\"@id\":\"https:\/\/www.goeuropa.com.br\/blog\/qual-a-melhor-epoca-para-viajar-para-europa-e-qual-voce-deve-evitar\/\"},\"wordCount\":885,\"commentCount\":0,\"publisher\":{\"@id\":\"https:\/\/www.goeuropa.com.br\/blog\/#organization\"},\"image\":{\"@id\":\"https:\/\/www.goeuropa.com.br\/blog\/qual-a-melhor-epoca-para-viajar-para-europa-e-qual-voce-deve-evitar\/#primaryimage\"},\"thumbnailUrl\":\"https:\/\/www.goeuropa.com.br\/blog\/wp-content\/uploads\/2018\/10\/Screen-Shot-2018-10-01-at-20.15.55.png\",\"keywords\":[\"dinamarca\",\"\u00e9poca\"],\"articleSection\":[\"Estrat\u00e9gias\",\"Dinamarca\"],\"inLanguage\":\"pt-BR\",\"potentialAction\":[{\"@type\":\"CommentAction\",\"name\":\"Comment\",\"target\":[\"https:\/\/www.goeuropa.com.br\/blog\/qual-a-melhor-epoca-para-viajar-para-europa-e-qual-voce-deve-evitar\/#respond\"]}]},{\"@type\":\"WebPage\",\"@id\":\"https:\/\/www.goeuropa.com.br\/blog\/qual-a-melhor-epoca-para-viajar-para-europa-e-qual-voce-deve-evitar\/\",\"url\":\"https:\/\/www.goeuropa.com.br\/blog\/qual-a-melhor-epoca-para-viajar-para-europa-e-qual-voce-deve-evitar\/\",\"name\":\"Qual e\u0301 a Melhor E\u0301poca para Viajar Para Europa e Qual Voce\u0302 Deve Evitar - GoEuropa\",\"isPartOf\":{\"@id\":\"https:\/\/www.goeuropa.com.br\/blog\/#website\"},\"primaryImageOfPage\":{\"@id\":\"https:\/\/www.goeuropa.com.br\/blog\/qual-a-melhor-epoca-para-viajar-para-europa-e-qual-voce-deve-evitar\/#primaryimage\"},\"image\":{\"@id\":\"https:\/\/www.goeuropa.com.br\/blog\/qual-a-melhor-epoca-para-viajar-para-europa-e-qual-voce-deve-evitar\/#primaryimage\"},\"thumbnailUrl\":\"https:\/\/www.goeuropa.com.br\/blog\/wp-content\/uploads\/2018\/10\/Screen-Shot-2018-10-01-at-20.15.55.png\",\"datePublished\":\"2018-10-01T18:29:45+00:00\",\"dateModified\":\"2025-06-16T14:42:20+00:00\",\"description\":\"Entender a diferen\u00e7a entre cada \u00e9poca na Europa pode ser determinante para montar seu roteiro. Pegar muito frio ou muito calor, encontrar atra\u00e7\u00f5es fechadas\",\"breadcrumb\":{\"@id\":\"https:\/\/www.goeuropa.com.br\/blog\/qual-a-melhor-epoca-para-viajar-para-europa-e-qual-voce-deve-evitar\/#breadcrumb\"},\"inLanguage\":\"pt-BR\",\"potentialAction\":[{\"@type\":\"ReadAction\",\"target\":[\"https:\/\/www.goeuropa.com.br\/blog\/qual-a-melhor-epoca-para-viajar-para-europa-e-qual-voce-deve-evitar\/\"]}]},{\"@type\":\"ImageObject\",\"inLanguage\":\"pt-BR\",\"@id\":\"https:\/\/www.goeuropa.com.br\/blog\/qual-a-melhor-epoca-para-viajar-para-europa-e-qual-voce-deve-evitar\/#primaryimage\",\"url\":\"https:\/\/www.goeuropa.com.br\/blog\/wp-content\/uploads\/2018\/10\/Screen-Shot-2018-10-01-at-20.15.55.png\",\"contentUrl\":\"https:\/\/www.goeuropa.com.br\/blog\/wp-content\/uploads\/2018\/10\/Screen-Shot-2018-10-01-at-20.15.55.png\",\"width\":1280,\"height\":722,\"caption\":\"Qual e a Melhor Epoca para Viajar Para Europa e Qual Voce Deve Evitar\"},{\"@type\":\"BreadcrumbList\",\"@id\":\"https:\/\/www.goeuropa.com.br\/blog\/qual-a-melhor-epoca-para-viajar-para-europa-e-qual-voce-deve-evitar\/#breadcrumb\",\"itemListElement\":[{\"@type\":\"ListItem\",\"position\":1,\"name\":\"In\u00edcio\",\"item\":\"https:\/\/www.goeuropa.com.br\/blog\/\"},{\"@type\":\"ListItem\",\"position\":2,\"name\":\"Qual e\u0301 a Melhor E\u0301poca para Viajar Para Europa e Qual Voce\u0302 Deve Evitar\"}]},{\"@type\":\"WebSite\",\"@id\":\"https:\/\/www.goeuropa.com.br\/blog\/#website\",\"url\":\"https:\/\/www.goeuropa.com.br\/blog\/\",\"name\":\"GoEuropa\",\"description\":\"O Melhor da Europa\",\"publisher\":{\"@id\":\"https:\/\/www.goeuropa.com.br\/blog\/#organization\"},\"potentialAction\":[{\"@type\":\"SearchAction\",\"target\":{\"@type\":\"EntryPoint\",\"urlTemplate\":\"https:\/\/www.goeuropa.com.br\/blog\/?s={search_term_string}\"},\"query-input\":{\"@type\":\"PropertyValueSpecification\",\"valueRequired\":true,\"valueName\":\"search_term_string\"}}],\"inLanguage\":\"pt-BR\"},{\"@type\":\"Organization\",\"@id\":\"https:\/\/www.goeuropa.com.br\/blog\/#organization\",\"name\":\"GoEuropa\",\"url\":\"https:\/\/www.goeuropa.com.br\/blog\/\",\"logo\":{\"@type\":\"ImageObject\",\"inLanguage\":\"pt-BR\",\"@id\":\"https:\/\/www.goeuropa.com.br\/blog\/#\/schema\/logo\/image\/\",\"url\":\"https:\/\/www.goeuropa.com.br\/wp-content\/uploads\/2015\/09\/2015.04.19-0194.png\",\"contentUrl\":\"https:\/\/www.goeuropa.com.br\/wp-content\/uploads\/2015\/09\/2015.04.19-0194.png\",\"width\":2048,\"height\":2048,\"caption\":\"GoEuropa\"},\"image\":{\"@id\":\"https:\/\/www.goeuropa.com.br\/blog\/#\/schema\/logo\/image\/\"},\"sameAs\":[\"https:\/\/www.facebook.com\/goeuropa\",\"https:\/\/x.com\/goeuropa\",\"https:\/\/www.instagram.com\/goeuropa\",\"https:\/\/www.youtube.com\/goeuropa\"]},{\"@type\":\"Person\",\"@id\":\"https:\/\/www.goeuropa.com.br\/blog\/#\/schema\/person\/dd6f181e426407503b5a74aef3afce0d\",\"name\":\"Daniel Ribeiro\",\"image\":{\"@type\":\"ImageObject\",\"inLanguage\":\"pt-BR\",\"@id\":\"https:\/\/www.goeuropa.com.br\/blog\/#\/schema\/person\/image\/\",\"url\":\"https:\/\/secure.gravatar.com\/avatar\/06b1dad882d589b0882e05fdad68f1c1?s=96&d=mm&r=g\",\"contentUrl\":\"https:\/\/secure.gravatar.com\/avatar\/06b1dad882d589b0882e05fdad68f1c1?s=96&d=mm&r=g\",\"caption\":\"Daniel Ribeiro\"},\"description\":\"Apesar de conhecer v\u00e1rias partes do mundo, a grande paix\u00e3o do Daniel Ribeiro ainda \u00e9 a Europa. Ele fundou o GoEuropa com a inten\u00e7\u00e3o de inspirar e ajudar mais pessoas a fazerem viagens incr\u00edveis, ensinando que gastar menos pode trazer as melhores e mais aut\u00eanticas experi\u00eancias no velho continente.\",\"sameAs\":[\"https:\/\/www.goeuropa.com.br\",\"https:\/\/www.facebook.com\/goeuropa\/\",\"https:\/\/www.instagram.com\/goeuropa\/\",\"https:\/\/x.com\/https:\/\/www.twitter.com\/goeuropa\/\",\"https:\/\/www.youtube.com\/goeuropa\/\"],\"url\":\"https:\/\/www.goeuropa.com.br\/blog\/author\/daniel-ribeiro\/\"}]}<\/script>\n<!-- \/ Yoast SEO plugin. -->","yoast_head_json":{"title":"Qual e\u0301 a Melhor E\u0301poca para Viajar Para Europa e Qual Voce\u0302 Deve Evitar - GoEuropa","description":"Entender a diferen\u00e7a entre cada \u00e9poca na Europa pode ser determinante para montar seu roteiro. Pegar muito frio ou muito calor, encontrar atra\u00e7\u00f5es fechadas","robots":{"index":"index","follow":"follow","max-snippet":"max-snippet:-1","max-image-preview":"max-image-preview:large","max-video-preview":"max-video-preview:-1"},"canonical":"https:\/\/www.goeuropa.com.br\/blog\/qual-a-melhor-epoca-para-viajar-para-europa-e-qual-voce-deve-evitar\/","og_locale":"pt_BR","og_type":"article","og_title":"Qual e\u0301 a Melhor E\u0301poca para Viajar Para Europa e Qual Voce\u0302 Deve Evitar - GoEuropa","og_description":"Entender a diferen\u00e7a entre cada \u00e9poca na Europa pode ser determinante para montar seu roteiro. Pegar muito frio ou muito calor, encontrar atra\u00e7\u00f5es fechadas","og_url":"https:\/\/www.goeuropa.com.br\/blog\/qual-a-melhor-epoca-para-viajar-para-europa-e-qual-voce-deve-evitar\/","og_site_name":"GoEuropa","article_publisher":"https:\/\/www.facebook.com\/goeuropa","article_author":"https:\/\/www.facebook.com\/goeuropa\/","article_published_time":"2018-10-01T18:29:45+00:00","article_modified_time":"2025-06-16T14:42:20+00:00","og_image":[{"width":1280,"height":722,"url":"https:\/\/www.goeuropa.com.br\/blog\/wp-content\/uploads\/2018\/10\/Screen-Shot-2018-10-01-at-20.15.55.png","type":"image\/png"}],"author":"Daniel Ribeiro","twitter_card":"summary_large_image","twitter_creator":"@https:\/\/www.twitter.com\/goeuropa\/","twitter_site":"@goeuropa","twitter_misc":{"Escrito por":"Daniel Ribeiro","Est. tempo de leitura":"5 minutos"},"schema":{"@context":"https:\/\/schema.org","@graph":[{"@type":"Article","@id":"https:\/\/www.goeuropa.com.br\/blog\/qual-a-melhor-epoca-para-viajar-para-europa-e-qual-voce-deve-evitar\/#article","isPartOf":{"@id":"https:\/\/www.goeuropa.com.br\/blog\/qual-a-melhor-epoca-para-viajar-para-europa-e-qual-voce-deve-evitar\/"},"author":{"name":"Daniel Ribeiro","@id":"https:\/\/www.goeuropa.com.br\/blog\/#\/schema\/person\/dd6f181e426407503b5a74aef3afce0d"},"headline":"Qual e\u0301 a Melhor E\u0301poca para Viajar Para Europa e Qual Voce\u0302 Deve Evitar","datePublished":"2018-10-01T18:29:45+00:00","dateModified":"2025-06-16T14:42:20+00:00","mainEntityOfPage":{"@id":"https:\/\/www.goeuropa.com.br\/blog\/qual-a-melhor-epoca-para-viajar-para-europa-e-qual-voce-deve-evitar\/"},"wordCount":885,"commentCount":0,"publisher":{"@id":"https:\/\/www.goeuropa.com.br\/blog\/#organization"},"image":{"@id":"https:\/\/www.goeuropa.com.br\/blog\/qual-a-melhor-epoca-para-viajar-para-europa-e-qual-voce-deve-evitar\/#primaryimage"},"thumbnailUrl":"https:\/\/www.goeuropa.com.br\/blog\/wp-content\/uploads\/2018\/10\/Screen-Shot-2018-10-01-at-20.15.55.png","keywords":["dinamarca","\u00e9poca"],"articleSection":["Estrat\u00e9gias","Dinamarca"],"inLanguage":"pt-BR","potentialAction":[{"@type":"CommentAction","name":"Comment","target":["https:\/\/www.goeuropa.com.br\/blog\/qual-a-melhor-epoca-para-viajar-para-europa-e-qual-voce-deve-evitar\/#respond"]}]},{"@type":"WebPage","@id":"https:\/\/www.goeuropa.com.br\/blog\/qual-a-melhor-epoca-para-viajar-para-europa-e-qual-voce-deve-evitar\/","url":"https:\/\/www.goeuropa.com.br\/blog\/qual-a-melhor-epoca-para-viajar-para-europa-e-qual-voce-deve-evitar\/","name":"Qual e\u0301 a Melhor E\u0301poca para Viajar Para Europa e Qual Voce\u0302 Deve Evitar - GoEuropa","isPartOf":{"@id":"https:\/\/www.goeuropa.com.br\/blog\/#website"},"primaryImageOfPage":{"@id":"https:\/\/www.goeuropa.com.br\/blog\/qual-a-melhor-epoca-para-viajar-para-europa-e-qual-voce-deve-evitar\/#primaryimage"},"image":{"@id":"https:\/\/www.goeuropa.com.br\/blog\/qual-a-melhor-epoca-para-viajar-para-europa-e-qual-voce-deve-evitar\/#primaryimage"},"thumbnailUrl":"https:\/\/www.goeuropa.com.br\/blog\/wp-content\/uploads\/2018\/10\/Screen-Shot-2018-10-01-at-20.15.55.png","datePublished":"2018-10-01T18:29:45+00:00","dateModified":"2025-06-16T14:42:20+00:00","description":"Entender a diferen\u00e7a entre cada \u00e9poca na Europa pode ser determinante para montar seu roteiro. Pegar muito frio ou muito calor, encontrar atra\u00e7\u00f5es fechadas","breadcrumb":{"@id":"https:\/\/www.goeuropa.com.br\/blog\/qual-a-melhor-epoca-para-viajar-para-europa-e-qual-voce-deve-evitar\/#breadcrumb"},"inLanguage":"pt-BR","potentialAction":[{"@type":"ReadAction","target":["https:\/\/www.goeuropa.com.br\/blog\/qual-a-melhor-epoca-para-viajar-para-europa-e-qual-voce-deve-evitar\/"]}]},{"@type":"ImageObject","inLanguage":"pt-BR","@id":"https:\/\/www.goeuropa.com.br\/blog\/qual-a-melhor-epoca-para-viajar-para-europa-e-qual-voce-deve-evitar\/#primaryimage","url":"https:\/\/www.goeuropa.com.br\/blog\/wp-content\/uploads\/2018\/10\/Screen-Shot-2018-10-01-at-20.15.55.png","contentUrl":"https:\/\/www.goeuropa.com.br\/blog\/wp-content\/uploads\/2018\/10\/Screen-Shot-2018-10-01-at-20.15.55.png","width":1280,"height":722,"caption":"Qual e a Melhor Epoca para Viajar Para Europa e Qual Voce Deve Evitar"},{"@type":"BreadcrumbList","@id":"https:\/\/www.goeuropa.com.br\/blog\/qual-a-melhor-epoca-para-viajar-para-europa-e-qual-voce-deve-evitar\/#breadcrumb","itemListElement":[{"@type":"ListItem","position":1,"name":"In\u00edcio","item":"https:\/\/www.goeuropa.com.br\/blog\/"},{"@type":"ListItem","position":2,"name":"Qual e\u0301 a Melhor E\u0301poca para Viajar Para Europa e Qual Voce\u0302 Deve Evitar"}]},{"@type":"WebSite","@id":"https:\/\/www.goeuropa.com.br\/blog\/#website","url":"https:\/\/www.goeuropa.com.br\/blog\/","name":"GoEuropa","description":"O Melhor da Europa","publisher":{"@id":"https:\/\/www.goeuropa.com.br\/blog\/#organization"},"potentialAction":[{"@type":"SearchAction","target":{"@type":"EntryPoint","urlTemplate":"https:\/\/www.goeuropa.com.br\/blog\/?s={search_term_string}"},"query-input":{"@type":"PropertyValueSpecification","valueRequired":true,"valueName":"search_term_string"}}],"inLanguage":"pt-BR"},{"@type":"Organization","@id":"https:\/\/www.goeuropa.com.br\/blog\/#organization","name":"GoEuropa","url":"https:\/\/www.goeuropa.com.br\/blog\/","logo":{"@type":"ImageObject","inLanguage":"pt-BR","@id":"https:\/\/www.goeuropa.com.br\/blog\/#\/schema\/logo\/image\/","url":"https:\/\/www.goeuropa.com.br\/wp-content\/uploads\/2015\/09\/2015.04.19-0194.png","contentUrl":"https:\/\/www.goeuropa.com.br\/wp-content\/uploads\/2015\/09\/2015.04.19-0194.png","width":2048,"height":2048,"caption":"GoEuropa"},"image":{"@id":"https:\/\/www.goeuropa.com.br\/blog\/#\/schema\/logo\/image\/"},"sameAs":["https:\/\/www.facebook.com\/goeuropa","https:\/\/x.com\/goeuropa","https:\/\/www.instagram.com\/goeuropa","https:\/\/www.youtube.com\/goeuropa"]},{"@type":"Person","@id":"https:\/\/www.goeuropa.com.br\/blog\/#\/schema\/person\/dd6f181e426407503b5a74aef3afce0d","name":"Daniel Ribeiro","image":{"@type":"ImageObject","inLanguage":"pt-BR","@id":"https:\/\/www.goeuropa.com.br\/blog\/#\/schema\/person\/image\/","url":"https:\/\/secure.gravatar.com\/avatar\/06b1dad882d589b0882e05fdad68f1c1?s=96&d=mm&r=g","contentUrl":"https:\/\/secure.gravatar.com\/avatar\/06b1dad882d589b0882e05fdad68f1c1?s=96&d=mm&r=g","caption":"Daniel Ribeiro"},"description":"Apesar de conhecer v\u00e1rias partes do mundo, a grande paix\u00e3o do Daniel Ribeiro ainda \u00e9 a Europa. Ele fundou o GoEuropa com a inten\u00e7\u00e3o de inspirar e ajudar mais pessoas a fazerem viagens incr\u00edveis, ensinando que gastar menos pode trazer as melhores e mais aut\u00eanticas experi\u00eancias no velho continente.","sameAs":["https:\/\/www.goeuropa.com.br","https:\/\/www.facebook.com\/goeuropa\/","https:\/\/www.instagram.com\/goeuropa\/","https:\/\/x.com\/https:\/\/www.twitter.com\/goeuropa\/","https:\/\/www.youtube.com\/goeuropa\/"],"url":"https:\/\/www.goeuropa.com.br\/blog\/author\/daniel-ribeiro\/"}]}},"jetpack_featured_media_url":"https:\/\/www.goeuropa.com.br\/blog\/wp-content\/uploads\/2018\/10\/Screen-Shot-2018-10-01-at-20.15.55.png","jetpack_sharing_enabled":true,"_links":{"self":[{"href":"https:\/\/www.goeuropa.com.br\/blog\/wp-json\/wp\/v2\/posts\/5446","targetHints":{"allow":["GET"]}}],"collection":[{"href":"https:\/\/www.goeuropa.com.br\/blog\/wp-json\/wp\/v2\/posts"}],"about":[{"href":"https:\/\/www.goeuropa.com.br\/blog\/wp-json\/wp\/v2\/types\/post"}],"author":[{"embeddable":true,"href":"https:\/\/www.goeuropa.com.br\/blog\/wp-json\/wp\/v2\/users\/1"}],"replies":[{"embeddable":true,"href":"https:\/\/www.goeuropa.com.br\/blog\/wp-json\/wp\/v2\/comments?post=5446"}],"version-history":[{"count":1,"href":"https:\/\/www.goeuropa.com.br\/blog\/wp-json\/wp\/v2\/posts\/5446\/revisions"}],"predecessor-version":[{"id":9969,"href":"https:\/\/www.goeuropa.com.br\/blog\/wp-json\/wp\/v2\/posts\/5446\/revisions\/9969"}],"wp:featuredmedia":[{"embeddable":true,"href":"https:\/\/www.goeuropa.com.br\/blog\/wp-json\/wp\/v2\/media\/5447"}],"wp:attachment":[{"href":"https:\/\/www.goeuropa.com.br\/blog\/wp-json\/wp\/v2\/media?parent=5446"}],"wp:term":[{"taxonomy":"category","embeddable":true,"href":"https:\/\/www.goeuropa.com.br\/blog\/wp-json\/wp\/v2\/categories?post=5446"},{"taxonomy":"post_tag","embeddable":true,"href":"https:\/\/www.goeuropa.com.br\/blog\/wp-json\/wp\/v2\/tags?post=5446"}],"curies":[{"name":"wp","href":"https:\/\/api.w.org\/{rel}","templated":true}]}}