{"id":9903,"date":"2025-05-23T19:36:13","date_gmt":"2025-05-23T22:36:13","guid":{"rendered":"https:\/\/www.goeuropa.com.br\/blog\/?p=9903"},"modified":"2025-05-23T19:36:18","modified_gmt":"2025-05-23T22:36:18","slug":"melhor-epoca-para-visitar-o-leste-europeu-e-viver-um-natal-de-conto-de-fadas","status":"publish","type":"post","link":"https:\/\/www.goeuropa.com.br\/blog\/melhor-epoca-para-visitar-o-leste-europeu-e-viver-um-natal-de-conto-de-fadas\/","title":{"rendered":"Melhor \u00e9poca para visitar o Leste Europeu e viver um Natal de conto de fadas"},"content":{"rendered":"\n<p>A <strong>melhor \u00e9poca para visitar o Leste Europeu e viver um Natal de conto de fadas<\/strong> come\u00e7a no final de novembro e vai at\u00e9 o in\u00edcio de janeiro. Nesse per\u00edodo, as cidades hist\u00f3ricas se transformam em cen\u00e1rios m\u00e1gicos: neve, mercados natalinos iluminados, concertos ao ar livre, gastronomia t\u00edpica e uma atmosfera encantadora tomam conta da regi\u00e3o.<\/p>\n\n\n\n<p>Se voc\u00ea busca uma viagem inesquec\u00edvel, aut\u00eantica e com um clima natalino que parece sa\u00eddo de um filme, o Leste Europeu \u00e9 o destino ideal.<\/p>\n\n\n\n<hr class=\"wp-block-separator has-alpha-channel-opacity\"\/>\n\n\n\n<h2 class=\"wp-block-heading\">Por que o Natal no Leste Europeu \u00e9 t\u00e3o especial?<\/h2>\n\n\n\n<p>O Leste Europeu mant\u00e9m vivas muitas das tradi\u00e7\u00f5es natalinas que foram se perdendo em destinos mais tur\u00edsticos da Europa. Celebrar o Natal por l\u00e1 \u00e9 mergulhar em:<\/p>\n\n\n\n<ul class=\"wp-block-list\">\n<li>Mercados natalinos medievais<\/li>\n\n\n\n<li>Rituais religiosos com influ\u00eancia ortodoxa<\/li>\n\n\n\n<li>Paisagens nevadas de tirar o f\u00f4lego<\/li>\n\n\n\n<li>M\u00fasica folcl\u00f3rica e concertos em pra\u00e7as<\/li>\n\n\n\n<li>Culin\u00e1ria tradicional de inverno<\/li>\n<\/ul>\n\n\n\n<p>Enquanto destinos como Paris e Londres se voltam para o apelo comercial do Natal, pa\u00edses como Hungria, Rep\u00fablica Tcheca, Pol\u00f4nia, Rom\u00eania e Eslov\u00e1quia oferecem experi\u00eancias mais genu\u00ednas \u2014 e com um custo-benef\u00edcio muito mais atrativo.<\/p>\n\n\n\n<hr class=\"wp-block-separator has-alpha-channel-opacity\"\/>\n\n\n\n<h2 class=\"wp-block-heading\">Quando come\u00e7am os mercados de Natal no Leste Europeu?<\/h2>\n\n\n\n<p>A <strong>melhor \u00e9poca para visitar o Leste Europeu e viver um Natal de conto de fadas<\/strong> coincide com o in\u00edcio dos mercados natalinos, que geralmente abrem na <strong>\u00faltima quinzena de novembro<\/strong> e funcionam at\u00e9 o in\u00edcio de janeiro.<\/p>\n\n\n\n<p>Eles s\u00e3o montados em pra\u00e7as centrais e oferecem:<\/p>\n\n\n\n<ul class=\"wp-block-list\">\n<li>Artesanato local<\/li>\n\n\n\n<li>Bebidas t\u00edpicas como vinho quente (gl\u00fchwein)<\/li>\n\n\n\n<li>Pratos tradicionais da culin\u00e1ria de inverno<\/li>\n\n\n\n<li>Apresenta\u00e7\u00f5es musicais e teatrais<\/li>\n<\/ul>\n\n\n\n<p>Destinos como Budapeste, Praga e Crac\u00f3via s\u00e3o mundialmente conhecidos por seus mercados deslumbrantes, considerados entre os mais bonitos da Europa.<\/p>\n\n\n\n<hr class=\"wp-block-separator has-alpha-channel-opacity\"\/>\n\n\n\n<h2 class=\"wp-block-heading\">Qual o clima durante o Natal no Leste Europeu?<\/h2>\n\n\n\n<p>O clima natalino no Leste Europeu \u00e9 marcado pelo frio intenso e grandes chances de neve \u2014 o que s\u00f3 torna o cen\u00e1rio ainda mais m\u00e1gico.<\/p>\n\n\n\n<p>Temperaturas m\u00e9dias em dezembro:<\/p>\n\n\n\n<ul class=\"wp-block-list\">\n<li>Budapeste: -2\u00b0C a 3\u00b0C<\/li>\n\n\n\n<li>Praga: -3\u00b0C a 2\u00b0C<\/li>\n\n\n\n<li>Crac\u00f3via: -4\u00b0C a 1\u00b0C<\/li>\n\n\n\n<li>Brasov (Rom\u00eania): -5\u00b0C a 0\u00b0C<\/li>\n<\/ul>\n\n\n\n<p>Esse frio, somado \u00e0 ilumina\u00e7\u00e3o festiva e \u00e0 arquitetura hist\u00f3rica, cria a sensa\u00e7\u00e3o de estar vivendo um verdadeiro conto de fadas. Para aproveitar bem, \u00e9 essencial levar roupas t\u00e9rmicas, botas imperme\u00e1veis e acess\u00f3rios de inverno como luvas, gorros e cachec\u00f3is.<\/p>\n\n\n\n<hr class=\"wp-block-separator has-alpha-channel-opacity\"\/>\n\n\n\n<h2 class=\"wp-block-heading\">Qual a melhor data para viajar e aproveitar o Natal?<\/h2>\n\n\n\n<p>Se voc\u00ea quer vivenciar <strong>todo o encanto do Natal europeu<\/strong>, o ideal \u00e9 viajar entre <strong>25 de novembro e 6 de janeiro<\/strong>. Assim, voc\u00ea acompanha:<\/p>\n\n\n\n<ul class=\"wp-block-list\">\n<li>Abertura dos mercados natalinos<\/li>\n\n\n\n<li>Chegada das decora\u00e7\u00f5es nas ruas<\/li>\n\n\n\n<li>Celebra\u00e7\u00f5es religiosas e concertos p\u00fablicos<\/li>\n\n\n\n<li>Natal tradicional (25 de dezembro)<\/li>\n\n\n\n<li>Natal ortodoxo (7 de janeiro), celebrado em pa\u00edses como Rom\u00eania, Bulg\u00e1ria, S\u00e9rvia e R\u00fassia<\/li>\n<\/ul>\n\n\n\n<p>Esse \u00faltimo detalhe \u00e9 importante: muitos pa\u00edses do Leste Europeu comemoram o Natal em <strong>datas diferentes do ocidente<\/strong>, o que estende a temporada e multiplica as possibilidades de viv\u00eancia natalina.<\/p>\n\n\n\n<hr class=\"wp-block-separator has-alpha-channel-opacity\"\/>\n\n\n\n<h2 class=\"wp-block-heading\">Como \u00e9 o Natal ortodoxo no Leste Europeu?<\/h2>\n\n\n\n<p>Na <strong>melhor \u00e9poca para visitar o Leste Europeu e viver um Natal de conto de fadas<\/strong>, voc\u00ea ainda pode conhecer de perto o Natal ortodoxo, que segue o calend\u00e1rio juliano e \u00e9 comemorado em 7 de janeiro.<\/p>\n\n\n\n<p>Nesse per\u00edodo, \u00e9 comum:<\/p>\n\n\n\n<ul class=\"wp-block-list\">\n<li>Festas folcl\u00f3ricas<\/li>\n\n\n\n<li>Cultos religiosos tradicionais<\/li>\n\n\n\n<li>Refei\u00e7\u00f5es especiais com jejum pr\u00e9vio<\/li>\n\n\n\n<li>Corais e prociss\u00f5es pelas ruas<\/li>\n<\/ul>\n\n\n\n<p>Essa celebra\u00e7\u00e3o estendida \u00e9 uma oportunidade \u00fanica para quem deseja conhecer culturas diferentes, com um profundo respeito pelas tradi\u00e7\u00f5es crist\u00e3s orientais.<\/p>\n\n\n\n<hr class=\"wp-block-separator has-alpha-channel-opacity\"\/>\n\n\n\n<h2 class=\"wp-block-heading\">Cidades que oferecem um Natal de conto de fadas no Leste Europeu<\/h2>\n\n\n\n<h3 class=\"wp-block-heading\">Praga, Rep\u00fablica Tcheca<\/h3>\n\n\n\n<p>Com suas ruas de pedra e pr\u00e9dios g\u00f3ticos cobertos de neve, Praga parece uma cidade sa\u00edda de um livro de hist\u00f3rias.<\/p>\n\n\n\n<h3 class=\"wp-block-heading\">Budapeste, Hungria<\/h3>\n\n\n\n<p>Ilumina\u00e7\u00e3o deslumbrante, mercados vibrantes e termas h\u00fangaras que contrastam com o frio do inverno.<\/p>\n\n\n\n<h3 class=\"wp-block-heading\">Sibiu e Brasov, Rom\u00eania<\/h3>\n\n\n\n<p>Menos conhecidas, mas encantadoras. Suas feiras de Natal t\u00eam charme local e paisagens alpinas \u00fanicas.<\/p>\n\n\n\n<h3 class=\"wp-block-heading\">Crac\u00f3via, Pol\u00f4nia<\/h3>\n\n\n\n<p>A cidade velha decorada para o Natal \u00e9 um espet\u00e1culo \u00e0 parte. O som dos corais e a gastronomia local completam o cen\u00e1rio m\u00e1gico.<\/p>\n\n\n\n<hr class=\"wp-block-separator has-alpha-channel-opacity\"\/>\n\n\n\n<h2 class=\"wp-block-heading\">Por que viajar com um grupo especializado faz diferen\u00e7a?<\/h2>\n\n\n\n<p>Para aproveitar a melhor \u00e9poca para visitar o Leste Europeu e viver um Natal de conto de fadas, contar com uma ag\u00eancia especializada \u00e9 essencial. A Go Europa cuida de cada detalhe:<\/p>\n\n\n\n<ul class=\"wp-block-list\">\n<li>Roteiro otimizado para aproveitar o melhor de cada cidade<\/li>\n\n\n\n<li>Guias locais experientes<\/li>\n\n\n\n<li>Hospedagens bem localizadas e confort\u00e1veis<\/li>\n\n\n\n<li>Organiza\u00e7\u00e3o completa para voc\u00ea aproveitar sem preocupa\u00e7\u00f5es<\/li>\n<\/ul>\n\n\n\n<hr class=\"wp-block-separator has-alpha-channel-opacity\"\/>\n\n\n\n<h2 class=\"wp-block-heading\">Pronto para embarcar na viagem dos sonhos?<\/h2>\n\n\n\n<p>Veja agora quais roteiros ainda est\u00e3o com vagas dispon\u00edveis e garanta sua experi\u00eancia antes que esgote!<br>&#x1f449; <a class=\"\" href=\"https:\/\/www.goeuropa.com.br\/grand-tour\/\">Descubra aqui os pr\u00f3ximos grupos confirmados<\/a><\/p>\n","protected":false},"excerpt":{"rendered":"<p>A melhor \u00e9poca para visitar o Leste Europeu e viver um Natal de conto de fadas come\u00e7a no final de novembro e vai at\u00e9 o in\u00edcio de janeiro. Nesse per\u00edodo, as cidades hist\u00f3ricas se transformam em cen\u00e1rios m\u00e1gicos: neve, mercados natalinos iluminados, concertos ao ar livre, gastronomia t\u00edpica e uma atmosfera encantadora tomam conta da regi\u00e3o.<\/p>\n","protected":false},"author":1,"featured_media":9904,"comment_status":"open","ping_status":"open","sticky":false,"template":"","format":"standard","meta":{"jetpack_post_was_ever_published":false,"_jetpack_newsletter_access":"","_jetpack_dont_email_post_to_subs":false,"_jetpack_newsletter_tier_id":0,"_jetpack_memberships_contains_paywalled_content":false,"_jetpack_memberships_contains_paid_content":false,"footnotes":""},"categories":[241],"tags":[],"class_list":{"0":"post-9903","1":"post","2":"type-post","3":"status-publish","4":"format-standard","5":"has-post-thumbnail","7":"category-destinos"},"yoast_head":"<!-- This site is optimized with the Yoast SEO plugin v24.8.1 - https:\/\/yoast.com\/wordpress\/plugins\/seo\/ -->\n<title>Melhor \u00e9poca para visitar o Leste Europeu e viver um Natal de conto de fadas - GoEuropa<\/title>\n<meta name=\"robots\" content=\"index, follow, max-snippet:-1, max-image-preview:large, max-video-preview:-1\" \/>\n<link rel=\"canonical\" href=\"https:\/\/www.goeuropa.com.br\/blog\/melhor-epoca-para-visitar-o-leste-europeu-e-viver-um-natal-de-conto-de-fadas\/\" \/>\n<meta property=\"og:locale\" content=\"pt_BR\" \/>\n<meta property=\"og:type\" content=\"article\" \/>\n<meta property=\"og:title\" content=\"Melhor \u00e9poca para visitar o Leste Europeu e viver um Natal de conto de fadas - GoEuropa\" \/>\n<meta property=\"og:description\" content=\"A melhor \u00e9poca para visitar o Leste Europeu e viver um Natal de conto de fadas come\u00e7a no final de novembro e vai at\u00e9 o in\u00edcio de janeiro. Nesse per\u00edodo, as cidades hist\u00f3ricas se transformam em cen\u00e1rios m\u00e1gicos: neve, mercados natalinos iluminados, concertos ao ar livre, gastronomia t\u00edpica e uma atmosfera encantadora tomam conta da regi\u00e3o.\" \/>\n<meta property=\"og:url\" content=\"https:\/\/www.goeuropa.com.br\/blog\/melhor-epoca-para-visitar-o-leste-europeu-e-viver-um-natal-de-conto-de-fadas\/\" \/>\n<meta property=\"og:site_name\" content=\"GoEuropa\" \/>\n<meta property=\"article:publisher\" content=\"https:\/\/www.facebook.com\/goeuropa\" \/>\n<meta property=\"article:author\" content=\"https:\/\/www.facebook.com\/goeuropa\/\" \/>\n<meta property=\"article:published_time\" content=\"2025-05-23T22:36:13+00:00\" \/>\n<meta property=\"article:modified_time\" content=\"2025-05-23T22:36:18+00:00\" \/>\n<meta property=\"og:image\" content=\"https:\/\/www.goeuropa.com.br\/blog\/wp-content\/uploads\/2025\/05\/Melhor-epoca-para-visitar-o-Leste-Europeu.jpg\" \/>\n\t<meta property=\"og:image:width\" content=\"1554\" \/>\n\t<meta property=\"og:image:height\" content=\"870\" \/>\n\t<meta property=\"og:image:type\" content=\"image\/jpeg\" \/>\n<meta name=\"author\" content=\"Daniel Ribeiro\" \/>\n<meta name=\"twitter:card\" content=\"summary_large_image\" \/>\n<meta name=\"twitter:creator\" content=\"@https:\/\/www.twitter.com\/goeuropa\/\" \/>\n<meta name=\"twitter:site\" content=\"@goeuropa\" \/>\n<meta name=\"twitter:label1\" content=\"Escrito por\" \/>\n\t<meta name=\"twitter:data1\" content=\"Daniel Ribeiro\" \/>\n\t<meta name=\"twitter:label2\" content=\"Est. tempo de leitura\" \/>\n\t<meta name=\"twitter:data2\" content=\"5 minutos\" \/>\n<script type=\"application\/ld+json\" class=\"yoast-schema-graph\">{\"@context\":\"https:\/\/schema.org\",\"@graph\":[{\"@type\":\"Article\",\"@id\":\"https:\/\/www.goeuropa.com.br\/blog\/melhor-epoca-para-visitar-o-leste-europeu-e-viver-um-natal-de-conto-de-fadas\/#article\",\"isPartOf\":{\"@id\":\"https:\/\/www.goeuropa.com.br\/blog\/melhor-epoca-para-visitar-o-leste-europeu-e-viver-um-natal-de-conto-de-fadas\/\"},\"author\":{\"name\":\"Daniel Ribeiro\",\"@id\":\"https:\/\/www.goeuropa.com.br\/blog\/#\/schema\/person\/dd6f181e426407503b5a74aef3afce0d\"},\"headline\":\"Melhor \u00e9poca para visitar o Leste Europeu e viver um Natal de conto de fadas\",\"datePublished\":\"2025-05-23T22:36:13+00:00\",\"dateModified\":\"2025-05-23T22:36:18+00:00\",\"mainEntityOfPage\":{\"@id\":\"https:\/\/www.goeuropa.com.br\/blog\/melhor-epoca-para-visitar-o-leste-europeu-e-viver-um-natal-de-conto-de-fadas\/\"},\"wordCount\":832,\"commentCount\":0,\"publisher\":{\"@id\":\"https:\/\/www.goeuropa.com.br\/blog\/#organization\"},\"image\":{\"@id\":\"https:\/\/www.goeuropa.com.br\/blog\/melhor-epoca-para-visitar-o-leste-europeu-e-viver-um-natal-de-conto-de-fadas\/#primaryimage\"},\"thumbnailUrl\":\"https:\/\/www.goeuropa.com.br\/blog\/wp-content\/uploads\/2025\/05\/Melhor-epoca-para-visitar-o-Leste-Europeu.jpg\",\"articleSection\":[\"Destinos\"],\"inLanguage\":\"pt-BR\",\"potentialAction\":[{\"@type\":\"CommentAction\",\"name\":\"Comment\",\"target\":[\"https:\/\/www.goeuropa.com.br\/blog\/melhor-epoca-para-visitar-o-leste-europeu-e-viver-um-natal-de-conto-de-fadas\/#respond\"]}]},{\"@type\":\"WebPage\",\"@id\":\"https:\/\/www.goeuropa.com.br\/blog\/melhor-epoca-para-visitar-o-leste-europeu-e-viver-um-natal-de-conto-de-fadas\/\",\"url\":\"https:\/\/www.goeuropa.com.br\/blog\/melhor-epoca-para-visitar-o-leste-europeu-e-viver-um-natal-de-conto-de-fadas\/\",\"name\":\"Melhor \u00e9poca para visitar o Leste Europeu e viver um Natal de conto de fadas - GoEuropa\",\"isPartOf\":{\"@id\":\"https:\/\/www.goeuropa.com.br\/blog\/#website\"},\"primaryImageOfPage\":{\"@id\":\"https:\/\/www.goeuropa.com.br\/blog\/melhor-epoca-para-visitar-o-leste-europeu-e-viver-um-natal-de-conto-de-fadas\/#primaryimage\"},\"image\":{\"@id\":\"https:\/\/www.goeuropa.com.br\/blog\/melhor-epoca-para-visitar-o-leste-europeu-e-viver-um-natal-de-conto-de-fadas\/#primaryimage\"},\"thumbnailUrl\":\"https:\/\/www.goeuropa.com.br\/blog\/wp-content\/uploads\/2025\/05\/Melhor-epoca-para-visitar-o-Leste-Europeu.jpg\",\"datePublished\":\"2025-05-23T22:36:13+00:00\",\"dateModified\":\"2025-05-23T22:36:18+00:00\",\"breadcrumb\":{\"@id\":\"https:\/\/www.goeuropa.com.br\/blog\/melhor-epoca-para-visitar-o-leste-europeu-e-viver-um-natal-de-conto-de-fadas\/#breadcrumb\"},\"inLanguage\":\"pt-BR\",\"potentialAction\":[{\"@type\":\"ReadAction\",\"target\":[\"https:\/\/www.goeuropa.com.br\/blog\/melhor-epoca-para-visitar-o-leste-europeu-e-viver-um-natal-de-conto-de-fadas\/\"]}]},{\"@type\":\"ImageObject\",\"inLanguage\":\"pt-BR\",\"@id\":\"https:\/\/www.goeuropa.com.br\/blog\/melhor-epoca-para-visitar-o-leste-europeu-e-viver-um-natal-de-conto-de-fadas\/#primaryimage\",\"url\":\"https:\/\/www.goeuropa.com.br\/blog\/wp-content\/uploads\/2025\/05\/Melhor-epoca-para-visitar-o-Leste-Europeu.jpg\",\"contentUrl\":\"https:\/\/www.goeuropa.com.br\/blog\/wp-content\/uploads\/2025\/05\/Melhor-epoca-para-visitar-o-Leste-Europeu.jpg\",\"width\":1554,\"height\":870,\"caption\":\"Melhor \u00e9poca para visitar o Leste Europeu\"},{\"@type\":\"BreadcrumbList\",\"@id\":\"https:\/\/www.goeuropa.com.br\/blog\/melhor-epoca-para-visitar-o-leste-europeu-e-viver-um-natal-de-conto-de-fadas\/#breadcrumb\",\"itemListElement\":[{\"@type\":\"ListItem\",\"position\":1,\"name\":\"In\u00edcio\",\"item\":\"https:\/\/www.goeuropa.com.br\/blog\/\"},{\"@type\":\"ListItem\",\"position\":2,\"name\":\"Melhor \u00e9poca para visitar o Leste Europeu e viver um Natal de conto de fadas\"}]},{\"@type\":\"WebSite\",\"@id\":\"https:\/\/www.goeuropa.com.br\/blog\/#website\",\"url\":\"https:\/\/www.goeuropa.com.br\/blog\/\",\"name\":\"GoEuropa\",\"description\":\"O Melhor da Europa\",\"publisher\":{\"@id\":\"https:\/\/www.goeuropa.com.br\/blog\/#organization\"},\"potentialAction\":[{\"@type\":\"SearchAction\",\"target\":{\"@type\":\"EntryPoint\",\"urlTemplate\":\"https:\/\/www.goeuropa.com.br\/blog\/?s={search_term_string}\"},\"query-input\":{\"@type\":\"PropertyValueSpecification\",\"valueRequired\":true,\"valueName\":\"search_term_string\"}}],\"inLanguage\":\"pt-BR\"},{\"@type\":\"Organization\",\"@id\":\"https:\/\/www.goeuropa.com.br\/blog\/#organization\",\"name\":\"GoEuropa\",\"url\":\"https:\/\/www.goeuropa.com.br\/blog\/\",\"logo\":{\"@type\":\"ImageObject\",\"inLanguage\":\"pt-BR\",\"@id\":\"https:\/\/www.goeuropa.com.br\/blog\/#\/schema\/logo\/image\/\",\"url\":\"https:\/\/www.goeuropa.com.br\/wp-content\/uploads\/2015\/09\/2015.04.19-0194.png\",\"contentUrl\":\"https:\/\/www.goeuropa.com.br\/wp-content\/uploads\/2015\/09\/2015.04.19-0194.png\",\"width\":2048,\"height\":2048,\"caption\":\"GoEuropa\"},\"image\":{\"@id\":\"https:\/\/www.goeuropa.com.br\/blog\/#\/schema\/logo\/image\/\"},\"sameAs\":[\"https:\/\/www.facebook.com\/goeuropa\",\"https:\/\/x.com\/goeuropa\",\"https:\/\/www.instagram.com\/goeuropa\",\"https:\/\/www.youtube.com\/goeuropa\"]},{\"@type\":\"Person\",\"@id\":\"https:\/\/www.goeuropa.com.br\/blog\/#\/schema\/person\/dd6f181e426407503b5a74aef3afce0d\",\"name\":\"Daniel Ribeiro\",\"image\":{\"@type\":\"ImageObject\",\"inLanguage\":\"pt-BR\",\"@id\":\"https:\/\/www.goeuropa.com.br\/blog\/#\/schema\/person\/image\/\",\"url\":\"https:\/\/secure.gravatar.com\/avatar\/06b1dad882d589b0882e05fdad68f1c1?s=96&d=mm&r=g\",\"contentUrl\":\"https:\/\/secure.gravatar.com\/avatar\/06b1dad882d589b0882e05fdad68f1c1?s=96&d=mm&r=g\",\"caption\":\"Daniel Ribeiro\"},\"description\":\"Apesar de conhecer v\u00e1rias partes do mundo, a grande paix\u00e3o do Daniel Ribeiro ainda \u00e9 a Europa. Ele fundou o GoEuropa com a inten\u00e7\u00e3o de inspirar e ajudar mais pessoas a fazerem viagens incr\u00edveis, ensinando que gastar menos pode trazer as melhores e mais aut\u00eanticas experi\u00eancias no velho continente.\",\"sameAs\":[\"https:\/\/www.goeuropa.com.br\",\"https:\/\/www.facebook.com\/goeuropa\/\",\"https:\/\/www.instagram.com\/goeuropa\/\",\"https:\/\/x.com\/https:\/\/www.twitter.com\/goeuropa\/\",\"https:\/\/www.youtube.com\/goeuropa\/\"],\"url\":\"https:\/\/www.goeuropa.com.br\/blog\/author\/daniel-ribeiro\/\"}]}<\/script>\n<!-- \/ Yoast SEO plugin. -->","yoast_head_json":{"title":"Melhor \u00e9poca para visitar o Leste Europeu e viver um Natal de conto de fadas - GoEuropa","robots":{"index":"index","follow":"follow","max-snippet":"max-snippet:-1","max-image-preview":"max-image-preview:large","max-video-preview":"max-video-preview:-1"},"canonical":"https:\/\/www.goeuropa.com.br\/blog\/melhor-epoca-para-visitar-o-leste-europeu-e-viver-um-natal-de-conto-de-fadas\/","og_locale":"pt_BR","og_type":"article","og_title":"Melhor \u00e9poca para visitar o Leste Europeu e viver um Natal de conto de fadas - GoEuropa","og_description":"A melhor \u00e9poca para visitar o Leste Europeu e viver um Natal de conto de fadas come\u00e7a no final de novembro e vai at\u00e9 o in\u00edcio de janeiro. Nesse per\u00edodo, as cidades hist\u00f3ricas se transformam em cen\u00e1rios m\u00e1gicos: neve, mercados natalinos iluminados, concertos ao ar livre, gastronomia t\u00edpica e uma atmosfera encantadora tomam conta da regi\u00e3o.","og_url":"https:\/\/www.goeuropa.com.br\/blog\/melhor-epoca-para-visitar-o-leste-europeu-e-viver-um-natal-de-conto-de-fadas\/","og_site_name":"GoEuropa","article_publisher":"https:\/\/www.facebook.com\/goeuropa","article_author":"https:\/\/www.facebook.com\/goeuropa\/","article_published_time":"2025-05-23T22:36:13+00:00","article_modified_time":"2025-05-23T22:36:18+00:00","og_image":[{"width":1554,"height":870,"url":"https:\/\/www.goeuropa.com.br\/blog\/wp-content\/uploads\/2025\/05\/Melhor-epoca-para-visitar-o-Leste-Europeu.jpg","type":"image\/jpeg"}],"author":"Daniel Ribeiro","twitter_card":"summary_large_image","twitter_creator":"@https:\/\/www.twitter.com\/goeuropa\/","twitter_site":"@goeuropa","twitter_misc":{"Escrito por":"Daniel Ribeiro","Est. tempo de leitura":"5 minutos"},"schema":{"@context":"https:\/\/schema.org","@graph":[{"@type":"Article","@id":"https:\/\/www.goeuropa.com.br\/blog\/melhor-epoca-para-visitar-o-leste-europeu-e-viver-um-natal-de-conto-de-fadas\/#article","isPartOf":{"@id":"https:\/\/www.goeuropa.com.br\/blog\/melhor-epoca-para-visitar-o-leste-europeu-e-viver-um-natal-de-conto-de-fadas\/"},"author":{"name":"Daniel Ribeiro","@id":"https:\/\/www.goeuropa.com.br\/blog\/#\/schema\/person\/dd6f181e426407503b5a74aef3afce0d"},"headline":"Melhor \u00e9poca para visitar o Leste Europeu e viver um Natal de conto de fadas","datePublished":"2025-05-23T22:36:13+00:00","dateModified":"2025-05-23T22:36:18+00:00","mainEntityOfPage":{"@id":"https:\/\/www.goeuropa.com.br\/blog\/melhor-epoca-para-visitar-o-leste-europeu-e-viver-um-natal-de-conto-de-fadas\/"},"wordCount":832,"commentCount":0,"publisher":{"@id":"https:\/\/www.goeuropa.com.br\/blog\/#organization"},"image":{"@id":"https:\/\/www.goeuropa.com.br\/blog\/melhor-epoca-para-visitar-o-leste-europeu-e-viver-um-natal-de-conto-de-fadas\/#primaryimage"},"thumbnailUrl":"https:\/\/www.goeuropa.com.br\/blog\/wp-content\/uploads\/2025\/05\/Melhor-epoca-para-visitar-o-Leste-Europeu.jpg","articleSection":["Destinos"],"inLanguage":"pt-BR","potentialAction":[{"@type":"CommentAction","name":"Comment","target":["https:\/\/www.goeuropa.com.br\/blog\/melhor-epoca-para-visitar-o-leste-europeu-e-viver-um-natal-de-conto-de-fadas\/#respond"]}]},{"@type":"WebPage","@id":"https:\/\/www.goeuropa.com.br\/blog\/melhor-epoca-para-visitar-o-leste-europeu-e-viver-um-natal-de-conto-de-fadas\/","url":"https:\/\/www.goeuropa.com.br\/blog\/melhor-epoca-para-visitar-o-leste-europeu-e-viver-um-natal-de-conto-de-fadas\/","name":"Melhor \u00e9poca para visitar o Leste Europeu e viver um Natal de conto de fadas - GoEuropa","isPartOf":{"@id":"https:\/\/www.goeuropa.com.br\/blog\/#website"},"primaryImageOfPage":{"@id":"https:\/\/www.goeuropa.com.br\/blog\/melhor-epoca-para-visitar-o-leste-europeu-e-viver-um-natal-de-conto-de-fadas\/#primaryimage"},"image":{"@id":"https:\/\/www.goeuropa.com.br\/blog\/melhor-epoca-para-visitar-o-leste-europeu-e-viver-um-natal-de-conto-de-fadas\/#primaryimage"},"thumbnailUrl":"https:\/\/www.goeuropa.com.br\/blog\/wp-content\/uploads\/2025\/05\/Melhor-epoca-para-visitar-o-Leste-Europeu.jpg","datePublished":"2025-05-23T22:36:13+00:00","dateModified":"2025-05-23T22:36:18+00:00","breadcrumb":{"@id":"https:\/\/www.goeuropa.com.br\/blog\/melhor-epoca-para-visitar-o-leste-europeu-e-viver-um-natal-de-conto-de-fadas\/#breadcrumb"},"inLanguage":"pt-BR","potentialAction":[{"@type":"ReadAction","target":["https:\/\/www.goeuropa.com.br\/blog\/melhor-epoca-para-visitar-o-leste-europeu-e-viver-um-natal-de-conto-de-fadas\/"]}]},{"@type":"ImageObject","inLanguage":"pt-BR","@id":"https:\/\/www.goeuropa.com.br\/blog\/melhor-epoca-para-visitar-o-leste-europeu-e-viver-um-natal-de-conto-de-fadas\/#primaryimage","url":"https:\/\/www.goeuropa.com.br\/blog\/wp-content\/uploads\/2025\/05\/Melhor-epoca-para-visitar-o-Leste-Europeu.jpg","contentUrl":"https:\/\/www.goeuropa.com.br\/blog\/wp-content\/uploads\/2025\/05\/Melhor-epoca-para-visitar-o-Leste-Europeu.jpg","width":1554,"height":870,"caption":"Melhor \u00e9poca para visitar o Leste Europeu"},{"@type":"BreadcrumbList","@id":"https:\/\/www.goeuropa.com.br\/blog\/melhor-epoca-para-visitar-o-leste-europeu-e-viver-um-natal-de-conto-de-fadas\/#breadcrumb","itemListElement":[{"@type":"ListItem","position":1,"name":"In\u00edcio","item":"https:\/\/www.goeuropa.com.br\/blog\/"},{"@type":"ListItem","position":2,"name":"Melhor \u00e9poca para visitar o Leste Europeu e viver um Natal de conto de fadas"}]},{"@type":"WebSite","@id":"https:\/\/www.goeuropa.com.br\/blog\/#website","url":"https:\/\/www.goeuropa.com.br\/blog\/","name":"GoEuropa","description":"O Melhor da Europa","publisher":{"@id":"https:\/\/www.goeuropa.com.br\/blog\/#organization"},"potentialAction":[{"@type":"SearchAction","target":{"@type":"EntryPoint","urlTemplate":"https:\/\/www.goeuropa.com.br\/blog\/?s={search_term_string}"},"query-input":{"@type":"PropertyValueSpecification","valueRequired":true,"valueName":"search_term_string"}}],"inLanguage":"pt-BR"},{"@type":"Organization","@id":"https:\/\/www.goeuropa.com.br\/blog\/#organization","name":"GoEuropa","url":"https:\/\/www.goeuropa.com.br\/blog\/","logo":{"@type":"ImageObject","inLanguage":"pt-BR","@id":"https:\/\/www.goeuropa.com.br\/blog\/#\/schema\/logo\/image\/","url":"https:\/\/www.goeuropa.com.br\/wp-content\/uploads\/2015\/09\/2015.04.19-0194.png","contentUrl":"https:\/\/www.goeuropa.com.br\/wp-content\/uploads\/2015\/09\/2015.04.19-0194.png","width":2048,"height":2048,"caption":"GoEuropa"},"image":{"@id":"https:\/\/www.goeuropa.com.br\/blog\/#\/schema\/logo\/image\/"},"sameAs":["https:\/\/www.facebook.com\/goeuropa","https:\/\/x.com\/goeuropa","https:\/\/www.instagram.com\/goeuropa","https:\/\/www.youtube.com\/goeuropa"]},{"@type":"Person","@id":"https:\/\/www.goeuropa.com.br\/blog\/#\/schema\/person\/dd6f181e426407503b5a74aef3afce0d","name":"Daniel Ribeiro","image":{"@type":"ImageObject","inLanguage":"pt-BR","@id":"https:\/\/www.goeuropa.com.br\/blog\/#\/schema\/person\/image\/","url":"https:\/\/secure.gravatar.com\/avatar\/06b1dad882d589b0882e05fdad68f1c1?s=96&d=mm&r=g","contentUrl":"https:\/\/secure.gravatar.com\/avatar\/06b1dad882d589b0882e05fdad68f1c1?s=96&d=mm&r=g","caption":"Daniel Ribeiro"},"description":"Apesar de conhecer v\u00e1rias partes do mundo, a grande paix\u00e3o do Daniel Ribeiro ainda \u00e9 a Europa. Ele fundou o GoEuropa com a inten\u00e7\u00e3o de inspirar e ajudar mais pessoas a fazerem viagens incr\u00edveis, ensinando que gastar menos pode trazer as melhores e mais aut\u00eanticas experi\u00eancias no velho continente.","sameAs":["https:\/\/www.goeuropa.com.br","https:\/\/www.facebook.com\/goeuropa\/","https:\/\/www.instagram.com\/goeuropa\/","https:\/\/x.com\/https:\/\/www.twitter.com\/goeuropa\/","https:\/\/www.youtube.com\/goeuropa\/"],"url":"https:\/\/www.goeuropa.com.br\/blog\/author\/daniel-ribeiro\/"}]}},"jetpack_featured_media_url":"https:\/\/www.goeuropa.com.br\/blog\/wp-content\/uploads\/2025\/05\/Melhor-epoca-para-visitar-o-Leste-Europeu.jpg","jetpack_sharing_enabled":true,"_links":{"self":[{"href":"https:\/\/www.goeuropa.com.br\/blog\/wp-json\/wp\/v2\/posts\/9903","targetHints":{"allow":["GET"]}}],"collection":[{"href":"https:\/\/www.goeuropa.com.br\/blog\/wp-json\/wp\/v2\/posts"}],"about":[{"href":"https:\/\/www.goeuropa.com.br\/blog\/wp-json\/wp\/v2\/types\/post"}],"author":[{"embeddable":true,"href":"https:\/\/www.goeuropa.com.br\/blog\/wp-json\/wp\/v2\/users\/1"}],"replies":[{"embeddable":true,"href":"https:\/\/www.goeuropa.com.br\/blog\/wp-json\/wp\/v2\/comments?post=9903"}],"version-history":[{"count":1,"href":"https:\/\/www.goeuropa.com.br\/blog\/wp-json\/wp\/v2\/posts\/9903\/revisions"}],"predecessor-version":[{"id":9905,"href":"https:\/\/www.goeuropa.com.br\/blog\/wp-json\/wp\/v2\/posts\/9903\/revisions\/9905"}],"wp:featuredmedia":[{"embeddable":true,"href":"https:\/\/www.goeuropa.com.br\/blog\/wp-json\/wp\/v2\/media\/9904"}],"wp:attachment":[{"href":"https:\/\/www.goeuropa.com.br\/blog\/wp-json\/wp\/v2\/media?parent=9903"}],"wp:term":[{"taxonomy":"category","embeddable":true,"href":"https:\/\/www.goeuropa.com.br\/blog\/wp-json\/wp\/v2\/categories?post=9903"},{"taxonomy":"post_tag","embeddable":true,"href":"https:\/\/www.goeuropa.com.br\/blog\/wp-json\/wp\/v2\/tags?post=9903"}],"curies":[{"name":"wp","href":"https:\/\/api.w.org\/{rel}","templated":true}]}}